{"id":988,"date":"2013-10-25T16:30:36","date_gmt":"2013-10-25T15:30:36","guid":{"rendered":"http:\/\/www.benoit-de-bretagne.com\/?p=988"},"modified":"2015-11-05T16:05:54","modified_gmt":"2015-11-05T15:05:54","slug":"7ieme-stage-international-de-colmar","status":"publish","type":"post","link":"https:\/\/www.benoit-de-bretagne.com\/?p=988","title":{"rendered":"7i\u00e8me Stage International de guitar de Colmar"},"content":{"rendered":"<p><div id=\"attachment_989\" style=\"width: 190px\" class=\"wp-caption alignleft\"><a href=\"http:\/\/www.benoit-de-bretagne.com\/wp-content\/uploads\/2013\/10\/1379015_10201388770895602_747704179_n.jpg\"><img aria-describedby=\"caption-attachment-989\" loading=\"lazy\" class=\" wp-image-989 \" src=\"http:\/\/www.benoit-de-bretagne.com\/wp-content\/uploads\/2013\/10\/1379015_10201388770895602_747704179_n-300x201.jpg\" alt=\"Roland Dyens\" width=\"180\" height=\"121\" srcset=\"https:\/\/www.benoit-de-bretagne.com\/wp-content\/uploads\/2013\/10\/1379015_10201388770895602_747704179_n-300x201.jpg 300w, https:\/\/www.benoit-de-bretagne.com\/wp-content\/uploads\/2013\/10\/1379015_10201388770895602_747704179_n.jpg 417w\" sizes=\"(max-width: 180px) 100vw, 180px\" \/><\/a><p id=\"caption-attachment-989\" class=\"wp-caption-text\">Roland Dyens<\/p><\/div><\/p>\n<p style=\"text-align: justify;\">La 7\u00e8me stage international de guitare, du 27 octobre au 1er novembre 2013, montre le bout de son nez&#8230;.. Une semaine de guitare classique, sous la houlette de Roland Dyens !<\/p>\n<p style=\"text-align: justify;\">Des stagiaires motiv\u00e9s, professionnels, enchanteurs&#8230;. Des master class accessibles \u00e0 tous : de 9h \u00e0 16h tous les jours du 27 octobre au 1er novembre \u00e0 la maison Kleebach (Munster).<\/p>\n<p style=\"text-align: justify;\">Des concerts enchanteurs :<\/p>\n<p style=\"text-align: justify;\">&#8211; Samedi 26\/10 \u00e0 20h30 : R\u00e9cital Roland Dyens (Mus\u00e9e du Jouet, Colmar).20\u20ac \/ 16\u20ac.<\/p>\n<p style=\"text-align: justify;\">&#8211; Dimanche 27\/10 \u00e0 17h : R\u00e9cital Jean-Jacques Fimbel (Ch\u00e2teau Kiener, Colmar). entr\u00e9e libre plateau.<\/p>\n<div id=\"attachment_995\" style=\"width: 160px\" class=\"wp-caption alignleft\"><a href=\"http:\/\/www.benoit-de-bretagne.com\/wp-content\/uploads\/2013\/10\/photoProfil.jpg\"><img aria-describedby=\"caption-attachment-995\" loading=\"lazy\" class=\" wp-image-995\" title=\"Benoit de Bretagne\" src=\"http:\/\/www.benoit-de-bretagne.com\/wp-content\/uploads\/2013\/10\/photoProfil.jpg\" alt=\"Benoit de Bretagne\" width=\"150\" height=\"150\" srcset=\"https:\/\/www.benoit-de-bretagne.com\/wp-content\/uploads\/2013\/10\/photoProfil.jpg 250w, https:\/\/www.benoit-de-bretagne.com\/wp-content\/uploads\/2013\/10\/photoProfil-150x150.jpg 150w, https:\/\/www.benoit-de-bretagne.com\/wp-content\/uploads\/2013\/10\/photoProfil-100x100.jpg 100w\" sizes=\"(max-width: 150px) 100vw, 150px\" \/><\/a><p id=\"caption-attachment-995\" class=\"wp-caption-text\">Benoit de Bretagne<\/p><\/div>\n<p style=\"text-align: justify;\">&#8211; Lundi 28\/10 \u00e0 20h30 : Conf\u00e9rence sur la lutherie par Beno\u00eet de Bretagne (Maison du Kleebach, Munster &#8211; Entr\u00e9e libre).<\/p>\n<p style=\"text-align: justify;\">&#8211; Mercredi 30\/10 \u00e0 20h30 : R\u00e9cital Ga\u00eblle Solal (Ch\u00e2teau Kiener, Colmar).15\u20ac.<\/p>\n<p style=\"text-align: justify;\">&#8211; Jeudi 31\/10 \u00e0 20h30 : Concert 1 des stagiaires (Maison du Kleebach, Munster).entr\u00e9e libre plateau.<\/p>\n<p style=\"text-align: justify;\">&#8211; Vendredi 01\/11 \u00e0 20h30 : Concert 2 des stagiaires (Ch\u00e2teau Kiener, Colmar).entr\u00e9e libre plateau.<\/p>\n<p style=\"text-align: justify;\">Renseignements, r\u00e9servations : 03 89 80 96 46 \/ 06 33 85 91 85 \/ contact.guitarmaniaks@gmail.com \/ page Facebook Guitarmaniaks \/ www.guitarmaniaks.net.<\/p>\n<p><a style=\"color: #808080; float: right; text-decoration: none;\" href=\"http:\/\/www.benoit-de-bretagne.com\/?page_id=243\">Retour vers les news<\/a><\/p>","protected":false},"excerpt":{"rendered":"<p>La 7\u00e8me stage international de guitare, du 27 octobre au 1er novembre 2013, montre le bout de son nez&#8230;..<\/p>\n","protected":false},"author":1,"featured_media":992,"comment_status":"closed","ping_status":"closed","sticky":false,"template":"","format":"standard","meta":{"ngg_post_thumbnail":0},"categories":[3],"tags":[],"_links":{"self":[{"href":"https:\/\/www.benoit-de-bretagne.com\/index.php?rest_route=\/wp\/v2\/posts\/988"}],"collection":[{"href":"https:\/\/www.benoit-de-bretagne.com\/index.php?rest_route=\/wp\/v2\/posts"}],"about":[{"href":"https:\/\/www.benoit-de-bretagne.com\/index.php?rest_route=\/wp\/v2\/types\/post"}],"author":[{"embeddable":true,"href":"https:\/\/www.benoit-de-bretagne.com\/index.php?rest_route=\/wp\/v2\/users\/1"}],"replies":[{"embeddable":true,"href":"https:\/\/www.benoit-de-bretagne.com\/index.php?rest_route=%2Fwp%2Fv2%2Fcomments&post=988"}],"version-history":[{"count":15,"href":"https:\/\/www.benoit-de-bretagne.com\/index.php?rest_route=\/wp\/v2\/posts\/988\/revisions"}],"predecessor-version":[{"id":1343,"href":"https:\/\/www.benoit-de-bretagne.com\/index.php?rest_route=\/wp\/v2\/posts\/988\/revisions\/1343"}],"wp:featuredmedia":[{"embeddable":true,"href":"https:\/\/www.benoit-de-bretagne.com\/index.php?rest_route=\/wp\/v2\/media\/992"}],"wp:attachment":[{"href":"https:\/\/www.benoit-de-bretagne.com\/index.php?rest_route=%2Fwp%2Fv2%2Fmedia&parent=988"}],"wp:term":[{"taxonomy":"category","embeddable":true,"href":"https:\/\/www.benoit-de-bretagne.com\/index.php?rest_route=%2Fwp%2Fv2%2Fcategories&post=988"},{"taxonomy":"post_tag","embeddable":true,"href":"https:\/\/www.benoit-de-bretagne.com\/index.php?rest_route=%2Fwp%2Fv2%2Ftags&post=988"}],"curies":[{"name":"wp","href":"https:\/\/api.w.org\/{rel}","templated":true}]}}