{"id":848,"date":"2013-10-22T17:46:12","date_gmt":"2013-10-22T16:46:12","guid":{"rendered":"http:\/\/www.benoit-de-bretagne.com\/?p=848"},"modified":"2013-10-25T21:21:18","modified_gmt":"2013-10-25T20:21:18","slug":"classique-grd-concert-pan-coupe-epicea-et-palissandre-de-rio","status":"publish","type":"post","link":"https:\/\/www.benoit-de-bretagne.com\/?p=848","title":{"rendered":"Grd Concert &#8211; Pan Coup\u00e9 &#8211; Epic\u00e9a et Palissandre de Rio"},"content":{"rendered":"<p><\/p>\n<div id=\"rowSlider\">\n<div class=\"modClaEpPalRioPC1-wrapper  nivoSlider-controlNavImages theme-default\">\n  <div id=\"modClaEpPalRioPC1\" class=\"nivoSlider\">\n    <a href=\"http:\/\/www.benoit-de-bretagne.com\/wp-content\/uploads\/2013\/10\/benoit-de-bretagne-claEpRioPCSP-1-hd-1.jpg\" target=\"_blank\"><img src=\"https:\/\/www.benoit-de-bretagne.com\/wp-content\/gallery\/modclaeppalriopc1\/benoit-de-bretagne-claepriopcsp-1-sa-1.jpg\" data-thumb=\"https:\/\/www.benoit-de-bretagne.com\/wp-content\/gallery\/modclaeppalriopc1\/thumbs\/thumbs_benoit-de-bretagne-claepriopcsp-1-sa-1.jpg\"\/><\/a>\n    <a href=\"http:\/\/www.benoit-de-bretagne.com\/wp-content\/uploads\/2013\/10\/benoit-de-bretagne-claEpRioPCSP-1-hd-2.jpg\" target=\"_blank\"><img src=\"https:\/\/www.benoit-de-bretagne.com\/wp-content\/gallery\/modclaeppalriopc1\/benoit-de-bretagne-claepriopcsp-1-sa-2.jpg\" data-thumb=\"https:\/\/www.benoit-de-bretagne.com\/wp-content\/gallery\/modclaeppalriopc1\/thumbs\/thumbs_benoit-de-bretagne-claepriopcsp-1-sa-2.jpg\"\/><\/a>\n    <a href=\"http:\/\/www.benoit-de-bretagne.com\/wp-content\/uploads\/2013\/10\/benoit-de-bretagne-claEpRioPCSP-1-hd-3.jpg\" target=\"_blank\"><img src=\"https:\/\/www.benoit-de-bretagne.com\/wp-content\/gallery\/modclaeppalriopc1\/benoit-de-bretagne-claepriopcsp-1-sa-3.jpg\" data-thumb=\"https:\/\/www.benoit-de-bretagne.com\/wp-content\/gallery\/modclaeppalriopc1\/thumbs\/thumbs_benoit-de-bretagne-claepriopcsp-1-sa-3.jpg\"\/><\/a>\n    <a href=\"http:\/\/www.benoit-de-bretagne.com\/wp-content\/uploads\/2013\/10\/benoit-de-bretagne-claEpRioPCSP-1-hd-4.jpg\" target=\"_blank\"><img src=\"https:\/\/www.benoit-de-bretagne.com\/wp-content\/gallery\/modclaeppalriopc1\/benoit-de-bretagne-claepriopcsp-1-sa-4.jpg\" data-thumb=\"https:\/\/www.benoit-de-bretagne.com\/wp-content\/gallery\/modclaeppalriopc1\/thumbs\/thumbs_benoit-de-bretagne-claepriopcsp-1-sa-4.jpg\"\/><\/a>\n    <a href=\"http:\/\/www.benoit-de-bretagne.com\/wp-content\/uploads\/2013\/10\/benoit-de-bretagne-claEpRioPCSP-1-hd-5.jpg\" target=\"_blank\"><img src=\"https:\/\/www.benoit-de-bretagne.com\/wp-content\/gallery\/modclaeppalriopc1\/benoit-de-bretagne-claepriopcsp-1-sa-5.jpg\" data-thumb=\"https:\/\/www.benoit-de-bretagne.com\/wp-content\/gallery\/modclaeppalriopc1\/thumbs\/thumbs_benoit-de-bretagne-claepriopcsp-1-sa-5.jpg\"\/><\/a>\n    <a href=\"http:\/\/www.benoit-de-bretagne.com\/wp-content\/uploads\/2013\/10\/benoit-de-bretagne-claEpRioPCSP-1-hd-6.jpg\" target=\"_blank\"><img src=\"https:\/\/www.benoit-de-bretagne.com\/wp-content\/gallery\/modclaeppalriopc1\/benoit-de-bretagne-claepriopcsp-1-sa-6.jpg\" data-thumb=\"https:\/\/www.benoit-de-bretagne.com\/wp-content\/gallery\/modclaeppalriopc1\/thumbs\/thumbs_benoit-de-bretagne-claepriopcsp-1-sa-6.jpg\"\/><\/a>\n    <a href=\"http:\/\/www.benoit-de-bretagne.com\/wp-content\/uploads\/2013\/10\/benoit-de-bretagne-claEpRioPCSP-1-hd-7.jpg\" target=\"_blank\"><img src=\"https:\/\/www.benoit-de-bretagne.com\/wp-content\/gallery\/modclaeppalriopc1\/benoit-de-bretagne-claepriopcsp-1-sa-7.jpg\" data-thumb=\"https:\/\/www.benoit-de-bretagne.com\/wp-content\/gallery\/modclaeppalriopc1\/thumbs\/thumbs_benoit-de-bretagne-claepriopcsp-1-sa-7.jpg\"\/><\/a>\n    <a href=\"http:\/\/www.benoit-de-bretagne.com\/wp-content\/uploads\/2013\/10\/benoit-de-bretagne-claEpRioPCSP-1-hd-8.jpg\" target=\"_blank\"><img src=\"https:\/\/www.benoit-de-bretagne.com\/wp-content\/gallery\/modclaeppalriopc1\/benoit-de-bretagne-claepriopcsp-1-sa-8.jpg\" data-thumb=\"https:\/\/www.benoit-de-bretagne.com\/wp-content\/gallery\/modclaeppalriopc1\/thumbs\/thumbs_benoit-de-bretagne-claepriopcsp-1-sa-8.jpg\"\/><\/a>\n    <a href=\"http:\/\/www.benoit-de-bretagne.com\/wp-content\/uploads\/2013\/10\/benoit-de-bretagne-claEpRioPCSP-1-hd-9.jpg\" target=\"_blank\"><img src=\"https:\/\/www.benoit-de-bretagne.com\/wp-content\/gallery\/modclaeppalriopc1\/benoit-de-bretagne-claepriopcsp-1-sa-9.jpg\" data-thumb=\"https:\/\/www.benoit-de-bretagne.com\/wp-content\/gallery\/modclaeppalriopc1\/thumbs\/thumbs_benoit-de-bretagne-claepriopcsp-1-sa-9.jpg\"\/><\/a>\n    <a href=\"http:\/\/www.benoit-de-bretagne.com\/wp-content\/uploads\/2013\/10\/benoit-de-bretagne-claEpRioPCSP-1-hd-10.jpg\" target=\"_blank\"><img src=\"https:\/\/www.benoit-de-bretagne.com\/wp-content\/gallery\/modclaeppalriopc1\/benoit-de-bretagne-claepriopcsp-1-sa-10.jpg\" data-thumb=\"https:\/\/www.benoit-de-bretagne.com\/wp-content\/gallery\/modclaeppalriopc1\/thumbs\/thumbs_benoit-de-bretagne-claepriopcsp-1-sa-10.jpg\"\/><\/a>\n  <\/div>\n<\/div>\n<script type=\"text\/javascript\">\n  jQuery(document).ready(function() {\n    jQuery('div#modClaEpPalRioPC1').nivoSlider({\n      effect: 'fade',\n      controlNavThumbs: true\n    });\n    jQuery('div.nivo-controlNav').css('visibility', 'visible');\n  });\n<\/script>\n<\/div>\n<div id=\"rowTxt\"><strong>Description :<\/strong><strong>Type:<\/strong> Classique 6 Cordes Pan-Coup\u00e9<\/p>\n<p><strong>Bois utilis\u00e9s:<\/strong><\/p>\n<ul style=\"list-style-type: none;\">\n<li><strong>Table d&rsquo;harmonie :<\/strong>\u00c9pic\u00e9a Allemand<\/li>\n<li><strong>Fond et \u00e9clisses :<\/strong> Palissandre de Rio<\/li>\n<li><strong>Manche :<\/strong> Acajou de Cuba<\/li>\n<li><strong>Rosace :<\/strong> Rayon de soleil BdB<\/li>\n<li><strong>Touche : <\/strong> \u00c9b\u00e8ne du Gabon vein\u00e9 avec extension au DO<\/li>\n<li><strong>Placages de t\u00eates :<\/strong> Palissandre du Br\u00e9sil avec aubier<\/li>\n<li><strong>Chevalet :<\/strong> Palissandre de Rio avec aubier<\/li>\n<li><strong>Fileterie :<\/strong> \u00c9b\u00e8ne et contre filets Palissandre du Br\u00e9sil<\/li>\n<li><strong>Sillets :<\/strong> Os<\/li>\n<li><strong>M\u00e9caniques :<\/strong> Irving Sloane Bronze et boutons \u00e9b\u00e8ne<\/li>\n<li><strong>Micros :<\/strong> Capteurs B-Band AST, UST et pr\u00e9ampli A2<\/li>\n<li><strong>Vernis :<\/strong> Cellulosique<\/li>\n<\/ul>\n<\/div>\n<p><\/p>","protected":false},"excerpt":{"rendered":"<p>Guitare Classique Grand Concert \u00e0  Pan Coup\u00e9 en  Epic\u00e9a allemand et Palissandre de Rio<\/p>\n","protected":false},"author":1,"featured_media":840,"comment_status":"closed","ping_status":"closed","sticky":false,"template":"","format":"standard","meta":{"ngg_post_thumbnail":0},"categories":[26],"tags":[],"_links":{"self":[{"href":"https:\/\/www.benoit-de-bretagne.com\/index.php?rest_route=\/wp\/v2\/posts\/848"}],"collection":[{"href":"https:\/\/www.benoit-de-bretagne.com\/index.php?rest_route=\/wp\/v2\/posts"}],"about":[{"href":"https:\/\/www.benoit-de-bretagne.com\/index.php?rest_route=\/wp\/v2\/types\/post"}],"author":[{"embeddable":true,"href":"https:\/\/www.benoit-de-bretagne.com\/index.php?rest_route=\/wp\/v2\/users\/1"}],"replies":[{"embeddable":true,"href":"https:\/\/www.benoit-de-bretagne.com\/index.php?rest_route=%2Fwp%2Fv2%2Fcomments&post=848"}],"version-history":[{"count":7,"href":"https:\/\/www.benoit-de-bretagne.com\/index.php?rest_route=\/wp\/v2\/posts\/848\/revisions"}],"predecessor-version":[{"id":851,"href":"https:\/\/www.benoit-de-bretagne.com\/index.php?rest_route=\/wp\/v2\/posts\/848\/revisions\/851"}],"wp:featuredmedia":[{"embeddable":true,"href":"https:\/\/www.benoit-de-bretagne.com\/index.php?rest_route=\/wp\/v2\/media\/840"}],"wp:attachment":[{"href":"https:\/\/www.benoit-de-bretagne.com\/index.php?rest_route=%2Fwp%2Fv2%2Fmedia&parent=848"}],"wp:term":[{"taxonomy":"category","embeddable":true,"href":"https:\/\/www.benoit-de-bretagne.com\/index.php?rest_route=%2Fwp%2Fv2%2Fcategories&post=848"},{"taxonomy":"post_tag","embeddable":true,"href":"https:\/\/www.benoit-de-bretagne.com\/index.php?rest_route=%2Fwp%2Fv2%2Ftags&post=848"}],"curies":[{"name":"wp","href":"https:\/\/api.w.org\/{rel}","templated":true}]}}