{"id":844,"date":"2013-10-22T17:39:59","date_gmt":"2013-10-22T16:39:59","guid":{"rendered":"http:\/\/www.benoit-de-bretagne.com\/?p=844"},"modified":"2026-08-26T11:05:14","modified_gmt":"2026-08-26T09:05:14","slug":"classique-grand-concert-epicea-et-palissandre-de-rio","status":"publish","type":"post","link":"https:\/\/www.benoit-de-bretagne.com\/?p=844","title":{"rendered":"Classique Grd Concert &#8211; Epic\u00e9a et Palissandre de Rio"},"content":{"rendered":"<div id=\"rowSlider\"><div id=\"metaslider-id-1425\" style=\"width: 100%;\" class=\"ml-slider-3-111-1 metaslider metaslider-flex metaslider-1425 ml-slider has-dots-nav ms-theme-default-base\" role=\"region\" aria-label=\"Classique Grd Concert Epicea Palissandre Rio\" data-height=\"600\" data-width=\"450\">\n    <div id=\"metaslider_container_1425\">\n        <div id=\"metaslider_1425\">\n            <ul aria-live='off' class='slides'>\n                <li style=\"display: block; width: 100%;\" class=\"slide-1426 ms-image \" aria-roledescription=\"slide\" data-date=\"2026-08-26 10:48:16\" data-filename=\"benoit-de-bretagne-ep-PalRio-1-hd-1.jpg\" data-slide-type=\"image\"><img loading=\"lazy\" decoding=\"async\" width=\"933\" height=\"1400\" src=\"https:\/\/www.benoit-de-bretagne.com\/wp-content\/uploads\/2013\/10\/benoit-de-bretagne-ep-PalRio-1-hd-1.jpg\" class=\"slider-1425 slide-1426 msDefaultImage\" alt=\"\" rel=\"\" title=\"benoit-de-bretagne-ep-PalRio-1-hd-1\" style=\"margin: 0 auto; width: 88.857142857143%\" srcset=\"https:\/\/www.benoit-de-bretagne.com\/wp-content\/uploads\/2013\/10\/benoit-de-bretagne-ep-PalRio-1-hd-1.jpg 933w, https:\/\/www.benoit-de-bretagne.com\/wp-content\/uploads\/2013\/10\/benoit-de-bretagne-ep-PalRio-1-hd-1-199x300.jpg 199w, https:\/\/www.benoit-de-bretagne.com\/wp-content\/uploads\/2013\/10\/benoit-de-bretagne-ep-PalRio-1-hd-1-682x1024.jpg 682w, https:\/\/www.benoit-de-bretagne.com\/wp-content\/uploads\/2013\/10\/benoit-de-bretagne-ep-PalRio-1-hd-1-624x936.jpg 624w\" sizes=\"auto, (max-width: 933px) 100vw, 933px\" \/><\/li>\n                <li style=\"display: none; width: 100%;\" class=\"slide-1427 ms-image \" aria-roledescription=\"slide\" data-date=\"2026-08-26 10:48:56\" data-filename=\"benoit-de-bretagne-ep-PalRio-1-hd-2.jpg\" data-slide-type=\"image\"><img loading=\"lazy\" decoding=\"async\" width=\"638\" height=\"1000\" src=\"https:\/\/www.benoit-de-bretagne.com\/wp-content\/uploads\/2013\/10\/benoit-de-bretagne-ep-PalRio-1-hd-2.jpg\" class=\"slider-1425 slide-1427 msDefaultImage\" alt=\"\" rel=\"\" title=\"benoit-de-bretagne-ep-PalRio-1-hd-2\" style=\"margin: 0 auto; width: 85.066666666667%\" srcset=\"https:\/\/www.benoit-de-bretagne.com\/wp-content\/uploads\/2013\/10\/benoit-de-bretagne-ep-PalRio-1-hd-2.jpg 638w, https:\/\/www.benoit-de-bretagne.com\/wp-content\/uploads\/2013\/10\/benoit-de-bretagne-ep-PalRio-1-hd-2-191x300.jpg 191w, https:\/\/www.benoit-de-bretagne.com\/wp-content\/uploads\/2013\/10\/benoit-de-bretagne-ep-PalRio-1-hd-2-624x978.jpg 624w\" sizes=\"auto, (max-width: 638px) 100vw, 638px\" \/><\/li>\n                <li style=\"display: none; width: 100%;\" class=\"slide-1428 ms-image \" aria-roledescription=\"slide\" data-date=\"2026-08-26 10:49:16\" data-filename=\"benoit-de-bretagne-ep-PalRio-1-hd-3.jpg\" data-slide-type=\"image\"><img loading=\"lazy\" decoding=\"async\" width=\"933\" height=\"1400\" src=\"https:\/\/www.benoit-de-bretagne.com\/wp-content\/uploads\/2013\/10\/benoit-de-bretagne-ep-PalRio-1-hd-3.jpg\" class=\"slider-1425 slide-1428 msDefaultImage\" alt=\"\" rel=\"\" title=\"benoit-de-bretagne-ep-PalRio-1-hd-3\" style=\"margin: 0 auto; width: 88.857142857143%\" srcset=\"https:\/\/www.benoit-de-bretagne.com\/wp-content\/uploads\/2013\/10\/benoit-de-bretagne-ep-PalRio-1-hd-3.jpg 933w, https:\/\/www.benoit-de-bretagne.com\/wp-content\/uploads\/2013\/10\/benoit-de-bretagne-ep-PalRio-1-hd-3-199x300.jpg 199w, https:\/\/www.benoit-de-bretagne.com\/wp-content\/uploads\/2013\/10\/benoit-de-bretagne-ep-PalRio-1-hd-3-682x1024.jpg 682w, https:\/\/www.benoit-de-bretagne.com\/wp-content\/uploads\/2013\/10\/benoit-de-bretagne-ep-PalRio-1-hd-3-624x936.jpg 624w\" sizes=\"auto, (max-width: 933px) 100vw, 933px\" \/><\/li>\n                <li style=\"display: none; width: 100%;\" class=\"slide-1429 ms-image \" aria-roledescription=\"slide\" data-date=\"2026-08-26 10:49:32\" data-filename=\"benoit-de-bretagne-ep-PalRio-1-hd-4.jpg\" data-slide-type=\"image\"><img loading=\"lazy\" decoding=\"async\" width=\"1142\" height=\"1400\" src=\"https:\/\/www.benoit-de-bretagne.com\/wp-content\/uploads\/2013\/10\/benoit-de-bretagne-ep-PalRio-1-hd-4.jpg\" class=\"slider-1425 slide-1429 msDefaultImage\" alt=\"\" rel=\"\" title=\"benoit-de-bretagne-ep-PalRio-1-hd-4\" style=\"margin-top: 5.3706946876824%\" srcset=\"https:\/\/www.benoit-de-bretagne.com\/wp-content\/uploads\/2013\/10\/benoit-de-bretagne-ep-PalRio-1-hd-4.jpg 1142w, https:\/\/www.benoit-de-bretagne.com\/wp-content\/uploads\/2013\/10\/benoit-de-bretagne-ep-PalRio-1-hd-4-244x300.jpg 244w, https:\/\/www.benoit-de-bretagne.com\/wp-content\/uploads\/2013\/10\/benoit-de-bretagne-ep-PalRio-1-hd-4-835x1024.jpg 835w, https:\/\/www.benoit-de-bretagne.com\/wp-content\/uploads\/2013\/10\/benoit-de-bretagne-ep-PalRio-1-hd-4-624x764.jpg 624w\" sizes=\"auto, (max-width: 1142px) 100vw, 1142px\" \/><\/li>\n                <li style=\"display: none; width: 100%;\" class=\"slide-1430 ms-image \" aria-roledescription=\"slide\" data-date=\"2026-08-26 10:49:47\" data-filename=\"benoit-de-bretagne-ep-PalRio-1-hd-5.jpg\" data-slide-type=\"image\"><img loading=\"lazy\" decoding=\"async\" width=\"933\" height=\"1400\" src=\"https:\/\/www.benoit-de-bretagne.com\/wp-content\/uploads\/2013\/10\/benoit-de-bretagne-ep-PalRio-1-hd-5.jpg\" class=\"slider-1425 slide-1430 msDefaultImage\" alt=\"\" rel=\"\" title=\"benoit-de-bretagne-ep-PalRio-1-hd-5\" style=\"margin: 0 auto; width: 88.857142857143%\" srcset=\"https:\/\/www.benoit-de-bretagne.com\/wp-content\/uploads\/2013\/10\/benoit-de-bretagne-ep-PalRio-1-hd-5.jpg 933w, https:\/\/www.benoit-de-bretagne.com\/wp-content\/uploads\/2013\/10\/benoit-de-bretagne-ep-PalRio-1-hd-5-199x300.jpg 199w, https:\/\/www.benoit-de-bretagne.com\/wp-content\/uploads\/2013\/10\/benoit-de-bretagne-ep-PalRio-1-hd-5-682x1024.jpg 682w, https:\/\/www.benoit-de-bretagne.com\/wp-content\/uploads\/2013\/10\/benoit-de-bretagne-ep-PalRio-1-hd-5-624x936.jpg 624w\" sizes=\"auto, (max-width: 933px) 100vw, 933px\" \/><\/li>\n            <\/ul>\n        <\/div>\n        \n    <\/div>\n<\/div><\/div>\n<div id=\"rowTxt\">\n<strong>Description :<\/strong><\/p>\n<p><strong>Type:<\/strong> Classique 6 Cordes<\/p>\n<dl><strong>Bois utilis\u00e9s:<\/strong><\/dl>\n<ul style=\"list-style-type: none;\">\n<li><strong>Table d&rsquo;harmonie :<\/strong>Epic\u00e9a Europ\u00e9en<\/li>\n<li><strong>Fond et \u00e9clisses :<\/strong> Palissandre de Rio avec aubier<\/li>\n<li><strong>Manche :<\/strong>  Acajou du Honduras<\/li>\n<li><strong>Touche : <\/strong> Eb\u00e8ne du Gabon<\/li>\n<li><strong>Sillets :<\/strong> Os<\/li>\n<li><strong>M\u00e9caniques :<\/strong> Irving Sloane avec boutons \u00e9b\u00e8ne<\/li>\n<li><strong>Chevalet :<\/strong>  Palissandre de Rio avec aubier<\/li>\n<li><strong>Vernis :<\/strong> Cellulosique<\/li>\n<\/ul>\n<\/div>\n<\/div>\n","protected":false},"excerpt":{"rendered":"<p>Description : Type: Classique 6 Cordes Bois utilis\u00e9s: Table d&rsquo;harmonie :Epic\u00e9a Europ\u00e9en Fond et \u00e9clisses : Palissandre de Rio avec aubier Manche : Acajou du Honduras Touche : Eb\u00e8ne du Gabon Sillets : Os M\u00e9caniques : Irving Sloane avec boutons \u00e9b\u00e8ne Chevalet : Palissandre de Rio avec aubier Vernis : Cellulosique<\/p>\n","protected":false},"author":1,"featured_media":0,"comment_status":"closed","ping_status":"closed","sticky":false,"template":"","format":"standard","meta":{"ngg_post_thumbnail":0,"footnotes":""},"categories":[7],"tags":[],"class_list":["post-844","post","type-post","status-publish","format-standard","hentry","category-guitares"],"_links":{"self":[{"href":"https:\/\/www.benoit-de-bretagne.com\/index.php?rest_route=\/wp\/v2\/posts\/844","targetHints":{"allow":["GET"]}}],"collection":[{"href":"https:\/\/www.benoit-de-bretagne.com\/index.php?rest_route=\/wp\/v2\/posts"}],"about":[{"href":"https:\/\/www.benoit-de-bretagne.com\/index.php?rest_route=\/wp\/v2\/types\/post"}],"author":[{"embeddable":true,"href":"https:\/\/www.benoit-de-bretagne.com\/index.php?rest_route=\/wp\/v2\/users\/1"}],"replies":[{"embeddable":true,"href":"https:\/\/www.benoit-de-bretagne.com\/index.php?rest_route=%2Fwp%2Fv2%2Fcomments&post=844"}],"version-history":[{"count":9,"href":"https:\/\/www.benoit-de-bretagne.com\/index.php?rest_route=\/wp\/v2\/posts\/844\/revisions"}],"predecessor-version":[{"id":1443,"href":"https:\/\/www.benoit-de-bretagne.com\/index.php?rest_route=\/wp\/v2\/posts\/844\/revisions\/1443"}],"wp:attachment":[{"href":"https:\/\/www.benoit-de-bretagne.com\/index.php?rest_route=%2Fwp%2Fv2%2Fmedia&parent=844"}],"wp:term":[{"taxonomy":"category","embeddable":true,"href":"https:\/\/www.benoit-de-bretagne.com\/index.php?rest_route=%2Fwp%2Fv2%2Fcategories&post=844"},{"taxonomy":"post_tag","embeddable":true,"href":"https:\/\/www.benoit-de-bretagne.com\/index.php?rest_route=%2Fwp%2Fv2%2Ftags&post=844"}],"curies":[{"name":"wp","href":"https:\/\/api.w.org\/{rel}","templated":true}]}}