{"id":797,"date":"2013-10-11T14:09:14","date_gmt":"2013-10-11T13:09:14","guid":{"rendered":"http:\/\/www.benoit-de-bretagne.com\/?p=797"},"modified":"2026-08-26T11:49:07","modified_gmt":"2026-08-26T09:49:07","slug":"797","status":"publish","type":"post","link":"https:\/\/www.benoit-de-bretagne.com\/?p=797","title":{"rendered":"Classique C\u00e8dre et Palissandre des indes"},"content":{"rendered":"<div id=\"rowSlider\"><div id=\"metaslider-id-1503\" style=\"width: 100%;\" class=\"ml-slider-3-111-1 metaslider metaslider-flex metaslider-1503 ml-slider has-dots-nav ms-theme-default-base\" role=\"region\" aria-label=\"Classique Concert Cedre Palissandre Indes\" data-height=\"600\" data-width=\"450\">\n    <div id=\"metaslider_container_1503\">\n        <div id=\"metaslider_1503\">\n            <ul aria-live='off' class='slides'>\n                <li style=\"display: block; width: 100%;\" class=\"slide-1504 ms-image \" aria-roledescription=\"slide\" data-date=\"2026-08-26 11:48:18\" data-filename=\"benoit-de-bretagne-claCePa-1-hd-1.jpg\" data-slide-type=\"image\"><img loading=\"lazy\" decoding=\"async\" width=\"1251\" height=\"2175\" src=\"https:\/\/www.benoit-de-bretagne.com\/wp-content\/uploads\/2013\/10\/benoit-de-bretagne-claCePa-1-hd-1.jpg\" class=\"slider-1503 slide-1504 msDefaultImage\" alt=\"\" rel=\"\" title=\"benoit-de-bretagne-claCePa-1-hd-1\" style=\"margin: 0 auto; width: 76.689655172414%\" srcset=\"https:\/\/www.benoit-de-bretagne.com\/wp-content\/uploads\/2013\/10\/benoit-de-bretagne-claCePa-1-hd-1.jpg 1251w, https:\/\/www.benoit-de-bretagne.com\/wp-content\/uploads\/2013\/10\/benoit-de-bretagne-claCePa-1-hd-1-172x300.jpg 172w, https:\/\/www.benoit-de-bretagne.com\/wp-content\/uploads\/2013\/10\/benoit-de-bretagne-claCePa-1-hd-1-624x1084.jpg 624w\" sizes=\"auto, (max-width: 1251px) 100vw, 1251px\" \/><\/li>\n                <li style=\"display: none; width: 100%;\" class=\"slide-1505 ms-image \" aria-roledescription=\"slide\" data-date=\"2026-08-26 11:48:18\" data-filename=\"benoit-de-bretagne-claCePa-1-hd-2.jpg\" data-slide-type=\"image\"><img loading=\"lazy\" decoding=\"async\" width=\"1185\" height=\"1478\" src=\"https:\/\/www.benoit-de-bretagne.com\/wp-content\/uploads\/2013\/10\/benoit-de-bretagne-claCePa-1-hd-2.jpg\" class=\"slider-1503 slide-1505 msDefaultImage\" alt=\"\" rel=\"\" title=\"benoit-de-bretagne-claCePa-1-hd-2\" style=\"margin-top: 4.3037974683544%\" srcset=\"https:\/\/www.benoit-de-bretagne.com\/wp-content\/uploads\/2013\/10\/benoit-de-bretagne-claCePa-1-hd-2.jpg 1185w, https:\/\/www.benoit-de-bretagne.com\/wp-content\/uploads\/2013\/10\/benoit-de-bretagne-claCePa-1-hd-2-240x300.jpg 240w, https:\/\/www.benoit-de-bretagne.com\/wp-content\/uploads\/2013\/10\/benoit-de-bretagne-claCePa-1-hd-2-821x1024.jpg 821w, https:\/\/www.benoit-de-bretagne.com\/wp-content\/uploads\/2013\/10\/benoit-de-bretagne-claCePa-1-hd-2-624x778.jpg 624w\" sizes=\"auto, (max-width: 1185px) 100vw, 1185px\" \/><\/li>\n                <li style=\"display: none; width: 100%;\" class=\"slide-1506 ms-image \" aria-roledescription=\"slide\" data-date=\"2026-08-26 11:48:18\" data-filename=\"benoit-de-bretagne-claCePa-1-hd-3.jpg\" data-slide-type=\"image\"><img loading=\"lazy\" decoding=\"async\" width=\"1305\" height=\"1689\" src=\"https:\/\/www.benoit-de-bretagne.com\/wp-content\/uploads\/2013\/10\/benoit-de-bretagne-claCePa-1-hd-3.jpg\" class=\"slider-1503 slide-1506 msDefaultImage\" alt=\"\" rel=\"\" title=\"benoit-de-bretagne-claCePa-1-hd-3\" style=\"margin-top: 1.9540229885057%\" srcset=\"https:\/\/www.benoit-de-bretagne.com\/wp-content\/uploads\/2013\/10\/benoit-de-bretagne-claCePa-1-hd-3.jpg 1305w, https:\/\/www.benoit-de-bretagne.com\/wp-content\/uploads\/2013\/10\/benoit-de-bretagne-claCePa-1-hd-3-231x300.jpg 231w, https:\/\/www.benoit-de-bretagne.com\/wp-content\/uploads\/2013\/10\/benoit-de-bretagne-claCePa-1-hd-3-791x1024.jpg 791w, https:\/\/www.benoit-de-bretagne.com\/wp-content\/uploads\/2013\/10\/benoit-de-bretagne-claCePa-1-hd-3-624x807.jpg 624w\" sizes=\"auto, (max-width: 1305px) 100vw, 1305px\" \/><\/li>\n            <\/ul>\n        <\/div>\n        \n    <\/div>\n<\/div><\/div>\n<div id=\"rowTxt\">\n<strong>Description :<\/strong><\/p>\n<p><strong>Type:<\/strong> Classique 6 Cordes<\/p>\n<dl><strong>Bois utilis\u00e9s:<\/strong><\/dl>\n<ul style=\"list-style-type: none;\">\n<li><strong>Table d&rsquo;harmonie :<\/strong> C\u00e8dre rouge du canada<\/li>\n<li><strong>Fond et \u00e9clisses :<\/strong> Palissandre des indes<\/li>\n<li><strong>Manche :<\/strong>  Acajou du Honduras<\/li>\n<li><strong>Touche : <\/strong> Eb\u00e8ne du Gabon<\/li>\n<li><strong>Sillets :<\/strong> Os<\/li>\n<li><strong>M\u00e9caniques :<\/strong> Schaller Hauser<\/li>\n<li><strong>Vernis :<\/strong> au tampon<\/li>\n<\/ul>\n<div>\n<p>Extrait interpr\u00e9t\u00e9 par Mathieu Guillemant &#8211; \u00ab\u00a0Villa-Lobos\u00a0\u00bb<\/p>\n<audio class=\"wp-audio-shortcode\" id=\"audio-797-1\" preload=\"none\" style=\"width: 100%;\" controls=\"controls\"><source type=\"audio\/mpeg\" src=\"http:\/\/www.benoit-de-bretagne.com\/wp-content\/uploads\/2013\/10\/villalobos_mguillemant.mp3?_=1\" \/><a href=\"http:\/\/www.benoit-de-bretagne.com\/wp-content\/uploads\/2013\/10\/villalobos_mguillemant.mp3\">http:\/\/www.benoit-de-bretagne.com\/wp-content\/uploads\/2013\/10\/villalobos_mguillemant.mp3<\/a><\/audio>\n<\/div>\n<\/div>\n<\/div>\n","protected":false},"excerpt":{"rendered":"<p>Description : Type: Classique 6 Cordes Bois utilis\u00e9s: Table d&rsquo;harmonie : C\u00e8dre rouge du canada Fond et \u00e9clisses : Palissandre des indes Manche : Acajou du Honduras Touche : Eb\u00e8ne du Gabon Sillets : Os M\u00e9caniques : Schaller Hauser Vernis : au tampon Extrait interpr\u00e9t\u00e9 par Mathieu Guillemant &#8211; \u00ab\u00a0Villa-Lobos\u00a0\u00bb<\/p>\n","protected":false},"author":1,"featured_media":0,"comment_status":"closed","ping_status":"closed","sticky":false,"template":"","format":"standard","meta":{"ngg_post_thumbnail":0,"footnotes":""},"categories":[7],"tags":[],"class_list":["post-797","post","type-post","status-publish","format-standard","hentry","category-guitares"],"_links":{"self":[{"href":"https:\/\/www.benoit-de-bretagne.com\/index.php?rest_route=\/wp\/v2\/posts\/797","targetHints":{"allow":["GET"]}}],"collection":[{"href":"https:\/\/www.benoit-de-bretagne.com\/index.php?rest_route=\/wp\/v2\/posts"}],"about":[{"href":"https:\/\/www.benoit-de-bretagne.com\/index.php?rest_route=\/wp\/v2\/types\/post"}],"author":[{"embeddable":true,"href":"https:\/\/www.benoit-de-bretagne.com\/index.php?rest_route=\/wp\/v2\/users\/1"}],"replies":[{"embeddable":true,"href":"https:\/\/www.benoit-de-bretagne.com\/index.php?rest_route=%2Fwp%2Fv2%2Fcomments&post=797"}],"version-history":[{"count":5,"href":"https:\/\/www.benoit-de-bretagne.com\/index.php?rest_route=\/wp\/v2\/posts\/797\/revisions"}],"predecessor-version":[{"id":1507,"href":"https:\/\/www.benoit-de-bretagne.com\/index.php?rest_route=\/wp\/v2\/posts\/797\/revisions\/1507"}],"wp:attachment":[{"href":"https:\/\/www.benoit-de-bretagne.com\/index.php?rest_route=%2Fwp%2Fv2%2Fmedia&parent=797"}],"wp:term":[{"taxonomy":"category","embeddable":true,"href":"https:\/\/www.benoit-de-bretagne.com\/index.php?rest_route=%2Fwp%2Fv2%2Fcategories&post=797"},{"taxonomy":"post_tag","embeddable":true,"href":"https:\/\/www.benoit-de-bretagne.com\/index.php?rest_route=%2Fwp%2Fv2%2Ftags&post=797"}],"curies":[{"name":"wp","href":"https:\/\/api.w.org\/{rel}","templated":true}]}}