{"id":797,"date":"2013-10-11T14:09:14","date_gmt":"2013-10-11T13:09:14","guid":{"rendered":"http:\/\/www.benoit-de-bretagne.com\/?p=797"},"modified":"2013-10-26T00:25:55","modified_gmt":"2013-10-25T23:25:55","slug":"797","status":"publish","type":"post","link":"https:\/\/www.benoit-de-bretagne.com\/?p=797","title":{"rendered":"Classique C\u00e8dre et Palissandre des indes"},"content":{"rendered":"<p><\/p>\n<div id=\"rowSlider\">\n<div class=\"modClaCePa1-wrapper  nivoSlider-controlNavImages theme-default\">\n  <div id=\"modClaCePa1\" class=\"nivoSlider\">\n    <a href=\"http:\/\/www.benoit-de-bretagne.com\/wp-content\/uploads\/2013\/10\/benoit-de-bretagne-claCePa-1-hd-1.jpg\" target=\"_blank\"><img src=\"https:\/\/www.benoit-de-bretagne.com\/wp-content\/gallery\/modclacepa1\/benoit-de-bretagne-clacepa-1-sa-1.jpg\" data-thumb=\"https:\/\/www.benoit-de-bretagne.com\/wp-content\/gallery\/modclacepa1\/thumbs\/thumbs_benoit-de-bretagne-clacepa-1-sa-1.jpg\"\/><\/a>\n    <a href=\"http:\/\/www.benoit-de-bretagne.com\/wp-content\/uploads\/2013\/10\/benoit-de-bretagne-claCePa-1-hd-2.jpg\" target=\"_blank\"><img src=\"https:\/\/www.benoit-de-bretagne.com\/wp-content\/gallery\/modclacepa1\/benoit-de-bretagne-clacepa-1-sa-2.jpg\" data-thumb=\"https:\/\/www.benoit-de-bretagne.com\/wp-content\/gallery\/modclacepa1\/thumbs\/thumbs_benoit-de-bretagne-clacepa-1-sa-2.jpg\"\/><\/a>\n    <a href=\"http:\/\/www.benoit-de-bretagne.com\/wp-content\/uploads\/2013\/10\/benoit-de-bretagne-claCePa-1-hd-3.jpg\" target=\"_blank\"><img src=\"https:\/\/www.benoit-de-bretagne.com\/wp-content\/gallery\/modclacepa1\/benoit-de-bretagne-clacepa-1-sa-3.jpg\" data-thumb=\"https:\/\/www.benoit-de-bretagne.com\/wp-content\/gallery\/modclacepa1\/thumbs\/thumbs_benoit-de-bretagne-clacepa-1-sa-3.jpg\"\/><\/a>\n  <\/div>\n<\/div>\n<script type=\"text\/javascript\">\n  jQuery(document).ready(function() {\n    jQuery('div#modClaCePa1').nivoSlider({\n      effect: 'fade',\n      controlNavThumbs: true\n    });\n    jQuery('div.nivo-controlNav').css('visibility', 'visible');\n  });\n<\/script>\n<\/div>\n<div id=\"rowTxt\">\n<strong>Description :<\/strong><\/p>\n<p><strong>Type:<\/strong> Classique 6 Cordes<\/p>\n<dl><strong>Bois utilis\u00e9s:<\/strong><\/dl>\n<ul style=\"list-style-type: none;\">\n<li><strong>Table d&rsquo;harmonie :<\/strong> C\u00e8dre rouge du canada<\/li>\n<li><strong>Fond et \u00e9clisses :<\/strong> Palissandre des indes<\/li>\n<li><strong>Manche :<\/strong>  Acajou du Honduras<\/li>\n<li><strong>Touche : <\/strong> Eb\u00e8ne du Gabon<\/li>\n<li><strong>Sillets :<\/strong> Os<\/li>\n<li><strong>M\u00e9caniques :<\/strong> Schaller Hauser<\/li>\n<li><strong>Vernis :<\/strong> au tampon<\/li>\n<\/ul>\n<div>\n<p>Extrait interpr\u00e9t\u00e9 par Mathieu Guillemant &#8211; \u00ab\u00a0Villa-Lobos\u00a0\u00bb<\/p>\n<!--[if lt IE 9]><script>document.createElement('audio');<\/script><![endif]-->\n<audio class=\"wp-audio-shortcode\" id=\"audio-797-1\" preload=\"none\" style=\"width: 100%;\" controls=\"controls\"><source type=\"audio\/mpeg\" src=\"http:\/\/www.benoit-de-bretagne.com\/wp-content\/uploads\/2013\/10\/villalobos_mguillemant.mp3?_=1\" \/><a href=\"http:\/\/www.benoit-de-bretagne.com\/wp-content\/uploads\/2013\/10\/villalobos_mguillemant.mp3\">http:\/\/www.benoit-de-bretagne.com\/wp-content\/uploads\/2013\/10\/villalobos_mguillemant.mp3<\/a><\/audio>\n<\/div>\n<\/div>\n<\/div>\n<p><\/p>","protected":false},"excerpt":{"rendered":"<p>Description : Type: Classique 6 Cordes Bois utilis\u00e9s: Table d&rsquo;harmonie : C\u00e8dre rouge du canada Fond et \u00e9clisses : Palissandre des indes Manche : Acajou du Honduras Touche : Eb\u00e8ne du Gabon Sillets : Os M\u00e9caniques : Schaller Hauser Vernis : au tampon Extrait interpr\u00e9t\u00e9 par Mathieu Guillemant &#8211; \u00ab\u00a0Villa-Lobos\u00a0\u00bb<\/p>\n","protected":false},"author":1,"featured_media":0,"comment_status":"closed","ping_status":"closed","sticky":false,"template":"","format":"standard","meta":{"ngg_post_thumbnail":0},"categories":[7],"tags":[],"_links":{"self":[{"href":"https:\/\/www.benoit-de-bretagne.com\/index.php?rest_route=\/wp\/v2\/posts\/797"}],"collection":[{"href":"https:\/\/www.benoit-de-bretagne.com\/index.php?rest_route=\/wp\/v2\/posts"}],"about":[{"href":"https:\/\/www.benoit-de-bretagne.com\/index.php?rest_route=\/wp\/v2\/types\/post"}],"author":[{"embeddable":true,"href":"https:\/\/www.benoit-de-bretagne.com\/index.php?rest_route=\/wp\/v2\/users\/1"}],"replies":[{"embeddable":true,"href":"https:\/\/www.benoit-de-bretagne.com\/index.php?rest_route=%2Fwp%2Fv2%2Fcomments&post=797"}],"version-history":[{"count":4,"href":"https:\/\/www.benoit-de-bretagne.com\/index.php?rest_route=\/wp\/v2\/posts\/797\/revisions"}],"predecessor-version":[{"id":1023,"href":"https:\/\/www.benoit-de-bretagne.com\/index.php?rest_route=\/wp\/v2\/posts\/797\/revisions\/1023"}],"wp:attachment":[{"href":"https:\/\/www.benoit-de-bretagne.com\/index.php?rest_route=%2Fwp%2Fv2%2Fmedia&parent=797"}],"wp:term":[{"taxonomy":"category","embeddable":true,"href":"https:\/\/www.benoit-de-bretagne.com\/index.php?rest_route=%2Fwp%2Fv2%2Fcategories&post=797"},{"taxonomy":"post_tag","embeddable":true,"href":"https:\/\/www.benoit-de-bretagne.com\/index.php?rest_route=%2Fwp%2Fv2%2Ftags&post=797"}],"curies":[{"name":"wp","href":"https:\/\/api.w.org\/{rel}","templated":true}]}}