{"id":771,"date":"2013-10-10T15:13:50","date_gmt":"2013-10-10T14:13:50","guid":{"rendered":"http:\/\/www.benoit-de-bretagne.com\/?p=771"},"modified":"2013-10-10T15:25:58","modified_gmt":"2013-10-10T14:25:58","slug":"classique-epicea-et-palissandre-de-madagascar","status":"publish","type":"post","link":"https:\/\/www.benoit-de-bretagne.com\/?p=771","title":{"rendered":"Classique Epic\u00e9a et Palissandre de Madagascar"},"content":{"rendered":"<p><\/p>\n<div id=\"rowSlider\">\n<div class=\"modClaEpPaMa1-wrapper  nivoSlider-controlNavImages theme-default\">\n  <div id=\"modClaEpPaMa1\" class=\"nivoSlider\">\n    <a href=\"http:\/\/www.benoit-de-bretagne.com\/wp-content\/uploads\/2013\/10\/benoit-de-bretagne-clas-EpiPaMa-1-hd-1.jpg\" target=\"_blank\"><img src=\"https:\/\/www.benoit-de-bretagne.com\/wp-content\/gallery\/modclaeppama1\/benoit-de-bretagne-clas-epipama-1-sa-1.jpg\" data-thumb=\"https:\/\/www.benoit-de-bretagne.com\/wp-content\/gallery\/modclaeppama1\/thumbs\/thumbs_benoit-de-bretagne-clas-epipama-1-sa-1.jpg\"\/><\/a>\n    <a href=\"http:\/\/www.benoit-de-bretagne.com\/wp-content\/uploads\/2013\/10\/benoit-de-bretagne-clas-EpiPaMa-1-hd-2.jpg\" target=\"_blank\"><img src=\"https:\/\/www.benoit-de-bretagne.com\/wp-content\/gallery\/modclaeppama1\/benoit-de-bretagne-clas-epipama-1-sa-2.jpg\" data-thumb=\"https:\/\/www.benoit-de-bretagne.com\/wp-content\/gallery\/modclaeppama1\/thumbs\/thumbs_benoit-de-bretagne-clas-epipama-1-sa-2.jpg\"\/><\/a>\n  <\/div>\n<\/div>\n<script type=\"text\/javascript\">\n  jQuery(document).ready(function() {\n    jQuery('div#modClaEpPaMa1').nivoSlider({\n      effect: 'fade',\n      controlNavThumbs: true\n    });\n    jQuery('div.nivo-controlNav').css('visibility', 'visible');\n  });\n<\/script>\n<\/div>\n<div id=\"rowTxt\">\n<strong>Description :<\/strong><\/p>\n<p><strong>Type:<\/strong> Classique 6 Cordes<\/p>\n<dl><strong>Bois utilis\u00e9s:<\/strong><\/dl>\n<ul style=\"list-style-type: none;\">\n<li><strong>Table d&rsquo;harmonie :<\/strong> Epic\u00e9a Europ\u00e9en<\/li>\n<li><strong>Fond et \u00e9clisses :<\/strong> Palissandre de Madagascar<\/li>\n<li><strong>Manche :<\/strong>  Acajou du Honduras<\/li>\n<li><strong>Touche : <\/strong> Eb\u00e8ne du Gabon<\/li>\n<li><strong>Sillets :<\/strong> Os<\/li>\n<li><strong>M\u00e9caniques :<\/strong> Gotoh Delux<\/li>\n<li><strong>Vernis :<\/strong> Cellulosique<\/li>\n<\/ul>\n<\/div>\n<\/div>\n<p><\/p>","protected":false},"excerpt":{"rendered":"<p>Description : Type: Classique 6 Cordes Bois utilis\u00e9s: Table d&rsquo;harmonie : Epic\u00e9a Europ\u00e9en Fond et \u00e9clisses : Palissandre de Madagascar Manche : Acajou du Honduras Touche : Eb\u00e8ne du Gabon Sillets : Os M\u00e9caniques : Gotoh Delux Vernis : Cellulosique<\/p>\n","protected":false},"author":1,"featured_media":0,"comment_status":"closed","ping_status":"closed","sticky":false,"template":"","format":"standard","meta":{"ngg_post_thumbnail":0},"categories":[7],"tags":[],"_links":{"self":[{"href":"https:\/\/www.benoit-de-bretagne.com\/index.php?rest_route=\/wp\/v2\/posts\/771"}],"collection":[{"href":"https:\/\/www.benoit-de-bretagne.com\/index.php?rest_route=\/wp\/v2\/posts"}],"about":[{"href":"https:\/\/www.benoit-de-bretagne.com\/index.php?rest_route=\/wp\/v2\/types\/post"}],"author":[{"embeddable":true,"href":"https:\/\/www.benoit-de-bretagne.com\/index.php?rest_route=\/wp\/v2\/users\/1"}],"replies":[{"embeddable":true,"href":"https:\/\/www.benoit-de-bretagne.com\/index.php?rest_route=%2Fwp%2Fv2%2Fcomments&post=771"}],"version-history":[{"count":4,"href":"https:\/\/www.benoit-de-bretagne.com\/index.php?rest_route=\/wp\/v2\/posts\/771\/revisions"}],"predecessor-version":[{"id":777,"href":"https:\/\/www.benoit-de-bretagne.com\/index.php?rest_route=\/wp\/v2\/posts\/771\/revisions\/777"}],"wp:attachment":[{"href":"https:\/\/www.benoit-de-bretagne.com\/index.php?rest_route=%2Fwp%2Fv2%2Fmedia&parent=771"}],"wp:term":[{"taxonomy":"category","embeddable":true,"href":"https:\/\/www.benoit-de-bretagne.com\/index.php?rest_route=%2Fwp%2Fv2%2Fcategories&post=771"},{"taxonomy":"post_tag","embeddable":true,"href":"https:\/\/www.benoit-de-bretagne.com\/index.php?rest_route=%2Fwp%2Fv2%2Ftags&post=771"}],"curies":[{"name":"wp","href":"https:\/\/api.w.org\/{rel}","templated":true}]}}