{"id":758,"date":"2013-10-10T14:52:28","date_gmt":"2013-10-10T13:52:28","guid":{"rendered":"http:\/\/www.benoit-de-bretagne.com\/?p=758"},"modified":"2026-08-26T11:34:05","modified_gmt":"2026-08-26T09:34:05","slug":"classique-epicea-et-palissandre-des-indes","status":"publish","type":"post","link":"https:\/\/www.benoit-de-bretagne.com\/?p=758","title":{"rendered":"Classique Epic\u00e9a et Palissandre des indes"},"content":{"rendered":"<div id=\"rowSlider\"><div id=\"metaslider-id-1474\" style=\"width: 100%;\" class=\"ml-slider-3-111-1 metaslider metaslider-flex metaslider-1474 ml-slider has-dots-nav ms-theme-default-base\" role=\"region\" aria-label=\"Classique Concert Epicea Palissandre Indes\" data-height=\"600\" data-width=\"450\">\n    <div id=\"metaslider_container_1474\">\n        <div id=\"metaslider_1474\">\n            <ul aria-live='off' class='slides'>\n                <li style=\"display: block; width: 100%;\" class=\"slide-1475 ms-image \" aria-roledescription=\"slide\" data-date=\"2026-08-26 11:33:09\" data-filename=\"benoit-de-bretagne-epiPaIn-1-hd-1.jpg\" data-slide-type=\"image\"><img loading=\"lazy\" decoding=\"async\" width=\"1399\" height=\"2375\" src=\"https:\/\/www.benoit-de-bretagne.com\/wp-content\/uploads\/2013\/10\/benoit-de-bretagne-epiPaIn-1-hd-1.jpg\" class=\"slider-1474 slide-1475 msDefaultImage\" alt=\"\" rel=\"\" title=\"benoit-de-bretagne-epiPaIn-1-hd-1\" style=\"margin: 0 auto; width: 78.540350877193%\" srcset=\"https:\/\/www.benoit-de-bretagne.com\/wp-content\/uploads\/2013\/10\/benoit-de-bretagne-epiPaIn-1-hd-1.jpg 1399w, https:\/\/www.benoit-de-bretagne.com\/wp-content\/uploads\/2013\/10\/benoit-de-bretagne-epiPaIn-1-hd-1-176x300.jpg 176w, https:\/\/www.benoit-de-bretagne.com\/wp-content\/uploads\/2013\/10\/benoit-de-bretagne-epiPaIn-1-hd-1-603x1024.jpg 603w, https:\/\/www.benoit-de-bretagne.com\/wp-content\/uploads\/2013\/10\/benoit-de-bretagne-epiPaIn-1-hd-1-624x1059.jpg 624w\" sizes=\"auto, (max-width: 1399px) 100vw, 1399px\" \/><\/li>\n                <li style=\"display: none; width: 100%;\" class=\"slide-1476 ms-image \" aria-roledescription=\"slide\" data-date=\"2026-08-26 11:33:09\" data-filename=\"benoit-de-bretagne-epiPaIn-1-hd-2.jpg\" data-slide-type=\"image\"><img loading=\"lazy\" decoding=\"async\" width=\"1995\" height=\"2267\" src=\"https:\/\/www.benoit-de-bretagne.com\/wp-content\/uploads\/2013\/10\/benoit-de-bretagne-epiPaIn-1-hd-2.jpg\" class=\"slider-1474 slide-1476 msDefaultImage\" alt=\"\" rel=\"\" title=\"benoit-de-bretagne-epiPaIn-1-hd-2\" style=\"margin-top: 9.8496240601504%\" srcset=\"https:\/\/www.benoit-de-bretagne.com\/wp-content\/uploads\/2013\/10\/benoit-de-bretagne-epiPaIn-1-hd-2.jpg 1995w, https:\/\/www.benoit-de-bretagne.com\/wp-content\/uploads\/2013\/10\/benoit-de-bretagne-epiPaIn-1-hd-2-264x300.jpg 264w, https:\/\/www.benoit-de-bretagne.com\/wp-content\/uploads\/2013\/10\/benoit-de-bretagne-epiPaIn-1-hd-2-901x1024.jpg 901w, https:\/\/www.benoit-de-bretagne.com\/wp-content\/uploads\/2013\/10\/benoit-de-bretagne-epiPaIn-1-hd-2-624x709.jpg 624w\" sizes=\"auto, (max-width: 1995px) 100vw, 1995px\" \/><\/li>\n                <li style=\"display: none; width: 100%;\" class=\"slide-1477 ms-image \" aria-roledescription=\"slide\" data-date=\"2026-08-26 11:33:09\" data-filename=\"benoit-de-bretagne-epiPaIn-1-hd-3.jpg\" data-slide-type=\"image\"><img loading=\"lazy\" decoding=\"async\" width=\"1425\" height=\"1318\" src=\"https:\/\/www.benoit-de-bretagne.com\/wp-content\/uploads\/2013\/10\/benoit-de-bretagne-epiPaIn-1-hd-3.jpg\" class=\"slider-1474 slide-1477 msDefaultImage\" alt=\"\" rel=\"\" title=\"benoit-de-bretagne-epiPaIn-1-hd-3\" style=\"margin-top: 20.421052631579%\" srcset=\"https:\/\/www.benoit-de-bretagne.com\/wp-content\/uploads\/2013\/10\/benoit-de-bretagne-epiPaIn-1-hd-3.jpg 1425w, https:\/\/www.benoit-de-bretagne.com\/wp-content\/uploads\/2013\/10\/benoit-de-bretagne-epiPaIn-1-hd-3-300x277.jpg 300w, https:\/\/www.benoit-de-bretagne.com\/wp-content\/uploads\/2013\/10\/benoit-de-bretagne-epiPaIn-1-hd-3-1024x947.jpg 1024w, https:\/\/www.benoit-de-bretagne.com\/wp-content\/uploads\/2013\/10\/benoit-de-bretagne-epiPaIn-1-hd-3-624x577.jpg 624w\" sizes=\"auto, (max-width: 1425px) 100vw, 1425px\" \/><\/li>\n                <li style=\"display: none; width: 100%;\" class=\"slide-1478 ms-image \" aria-roledescription=\"slide\" data-date=\"2026-08-26 11:33:09\" data-filename=\"benoit-de-bretagne-epiPaIn-1-hd-4.jpg\" data-slide-type=\"image\"><img loading=\"lazy\" decoding=\"async\" width=\"1419\" height=\"977\" src=\"https:\/\/www.benoit-de-bretagne.com\/wp-content\/uploads\/2013\/10\/benoit-de-bretagne-epiPaIn-1-hd-4.jpg\" class=\"slider-1474 slide-1478 msDefaultImage\" alt=\"\" rel=\"\" title=\"benoit-de-bretagne-epiPaIn-1-hd-4\" style=\"margin-top: 32.241014799154%\" srcset=\"https:\/\/www.benoit-de-bretagne.com\/wp-content\/uploads\/2013\/10\/benoit-de-bretagne-epiPaIn-1-hd-4.jpg 1419w, https:\/\/www.benoit-de-bretagne.com\/wp-content\/uploads\/2013\/10\/benoit-de-bretagne-epiPaIn-1-hd-4-300x206.jpg 300w, https:\/\/www.benoit-de-bretagne.com\/wp-content\/uploads\/2013\/10\/benoit-de-bretagne-epiPaIn-1-hd-4-1024x705.jpg 1024w, https:\/\/www.benoit-de-bretagne.com\/wp-content\/uploads\/2013\/10\/benoit-de-bretagne-epiPaIn-1-hd-4-624x429.jpg 624w\" sizes=\"auto, (max-width: 1419px) 100vw, 1419px\" \/><\/li>\n            <\/ul>\n        <\/div>\n        \n    <\/div>\n<\/div><\/div>\n<div id=\"rowTxt\">\n<strong>Description :<\/strong><\/p>\n<p><strong>Type:<\/strong> Classique 6 Cordes<\/p>\n<dl><strong>Bois utilis\u00e9s:<\/strong><\/dl>\n<ul style=\"list-style-type: none;\">\n<li><strong>Table d&rsquo;harmonie :<\/strong> Epic\u00e9a Europ\u00e9en<\/li>\n<li><strong>Fond et \u00e9clisses :<\/strong> Palissandre des Indes<\/li>\n<li><strong>Manche :<\/strong>  Acajou du Honduras<\/li>\n<li><strong>Touche : <\/strong> Eb\u00e8ne du Gabon<\/li>\n<li><strong>Sillets :<\/strong> Os<\/li>\n<li><strong>M\u00e9caniques :<\/strong> Schaller Hauzer<\/li>\n<li><strong>Vernis :<\/strong> Au tampon<\/li>\n<\/ul>\n<div>\n<p>Extrait interpr\u00e9t\u00e9 par Matthieu Guillemant <\/p>\n<p>Titre : J.S. Bach<\/p>\n<audio class=\"wp-audio-shortcode\" id=\"audio-758-1\" preload=\"none\" style=\"width: 100%;\" controls=\"controls\"><source type=\"audio\/mpeg\" src=\"http:\/\/www.benoit-de-bretagne.com\/wp-content\/uploads\/2013\/10\/bachsonate__mguillemant.mp3?_=1\" \/><a href=\"http:\/\/www.benoit-de-bretagne.com\/wp-content\/uploads\/2013\/10\/bachsonate__mguillemant.mp3\">http:\/\/www.benoit-de-bretagne.com\/wp-content\/uploads\/2013\/10\/bachsonate__mguillemant.mp3<\/a><\/audio>\n<\/div>\n<\/div>\n<\/div>\n","protected":false},"excerpt":{"rendered":"<p>Description : Type: Classique 6 Cordes Bois utilis\u00e9s: Table d&rsquo;harmonie : Epic\u00e9a Europ\u00e9en Fond et \u00e9clisses : Palissandre des Indes Manche : Acajou du Honduras Touche : Eb\u00e8ne du Gabon Sillets : Os M\u00e9caniques : Schaller Hauzer Vernis : Au tampon Extrait interpr\u00e9t\u00e9 par Matthieu Guillemant Titre : J.S. Bach<\/p>\n","protected":false},"author":1,"featured_media":0,"comment_status":"closed","ping_status":"closed","sticky":false,"template":"","format":"standard","meta":{"ngg_post_thumbnail":0,"footnotes":""},"categories":[7],"tags":[],"class_list":["post-758","post","type-post","status-publish","format-standard","hentry","category-guitares"],"_links":{"self":[{"href":"https:\/\/www.benoit-de-bretagne.com\/index.php?rest_route=\/wp\/v2\/posts\/758","targetHints":{"allow":["GET"]}}],"collection":[{"href":"https:\/\/www.benoit-de-bretagne.com\/index.php?rest_route=\/wp\/v2\/posts"}],"about":[{"href":"https:\/\/www.benoit-de-bretagne.com\/index.php?rest_route=\/wp\/v2\/types\/post"}],"author":[{"embeddable":true,"href":"https:\/\/www.benoit-de-bretagne.com\/index.php?rest_route=\/wp\/v2\/users\/1"}],"replies":[{"embeddable":true,"href":"https:\/\/www.benoit-de-bretagne.com\/index.php?rest_route=%2Fwp%2Fv2%2Fcomments&post=758"}],"version-history":[{"count":7,"href":"https:\/\/www.benoit-de-bretagne.com\/index.php?rest_route=\/wp\/v2\/posts\/758\/revisions"}],"predecessor-version":[{"id":1479,"href":"https:\/\/www.benoit-de-bretagne.com\/index.php?rest_route=\/wp\/v2\/posts\/758\/revisions\/1479"}],"wp:attachment":[{"href":"https:\/\/www.benoit-de-bretagne.com\/index.php?rest_route=%2Fwp%2Fv2%2Fmedia&parent=758"}],"wp:term":[{"taxonomy":"category","embeddable":true,"href":"https:\/\/www.benoit-de-bretagne.com\/index.php?rest_route=%2Fwp%2Fv2%2Fcategories&post=758"},{"taxonomy":"post_tag","embeddable":true,"href":"https:\/\/www.benoit-de-bretagne.com\/index.php?rest_route=%2Fwp%2Fv2%2Ftags&post=758"}],"curies":[{"name":"wp","href":"https:\/\/api.w.org\/{rel}","templated":true}]}}