{"id":735,"date":"2013-10-04T19:11:27","date_gmt":"2013-10-04T18:11:27","guid":{"rendered":"http:\/\/www.benoit-de-bretagne.com\/?p=735"},"modified":"2013-10-26T00:28:17","modified_gmt":"2013-10-25T23:28:17","slug":"classique-7-cordes-epicea-palissandre-des-indes","status":"publish","type":"post","link":"https:\/\/www.benoit-de-bretagne.com\/?p=735","title":{"rendered":"Classique 7 cordes \u00e9pic\u00e9a palissandre des Indes"},"content":{"rendered":"<p><\/p>\n<div id=\"rowSlider\">\n<div class=\"modCla7c1-wrapper  nivoSlider-controlNavImages theme-default\">\n  <div id=\"modCla7c1\" class=\"nivoSlider\">\n    <a href=\"http:\/\/www.benoit-de-bretagne.com\/wp-content\/uploads\/2013\/10\/benoit-de-bretagne-cla-1-hd-1.jpg\" target=\"_blank\"><img src=\"https:\/\/www.benoit-de-bretagne.com\/wp-content\/gallery\/modcla7c1\/benoit-de-bretagne-cla-1-sa-1.jpg\" data-thumb=\"https:\/\/www.benoit-de-bretagne.com\/wp-content\/gallery\/modcla7c1\/thumbs\/thumbs_benoit-de-bretagne-cla-1-sa-1.jpg\"\/><\/a>\n    <a href=\"http:\/\/www.benoit-de-bretagne.com\/wp-content\/uploads\/2013\/10\/benoit-de-bretagne-cla-1-hd-2.jpg\" target=\"_blank\"><img src=\"https:\/\/www.benoit-de-bretagne.com\/wp-content\/gallery\/modcla7c1\/benoit-de-bretagne-cla-1-sa-2.jpg\" data-thumb=\"https:\/\/www.benoit-de-bretagne.com\/wp-content\/gallery\/modcla7c1\/thumbs\/thumbs_benoit-de-bretagne-cla-1-sa-2.jpg\"\/><\/a>\n    <a href=\"http:\/\/www.benoit-de-bretagne.com\/wp-content\/uploads\/2013\/10\/benoit-de-bretagne-cla-1-hd-3.jpg\" target=\"_blank\"><img src=\"https:\/\/www.benoit-de-bretagne.com\/wp-content\/gallery\/modcla7c1\/benoit-de-bretagne-cla-1-sa-3.jpg\" data-thumb=\"https:\/\/www.benoit-de-bretagne.com\/wp-content\/gallery\/modcla7c1\/thumbs\/thumbs_benoit-de-bretagne-cla-1-sa-3.jpg\"\/><\/a>\n    <a href=\"http:\/\/www.benoit-de-bretagne.com\/wp-content\/uploads\/2013\/10\/benoit-de-bretagne-cla-1-hd-4.jpg\" target=\"_blank\"><img src=\"https:\/\/www.benoit-de-bretagne.com\/wp-content\/gallery\/modcla7c1\/benoit-de-bretagne-cla-1-sa-4.jpg\" data-thumb=\"https:\/\/www.benoit-de-bretagne.com\/wp-content\/gallery\/modcla7c1\/thumbs\/thumbs_benoit-de-bretagne-cla-1-sa-4.jpg\"\/><\/a>\n    <a href=\"http:\/\/www.benoit-de-bretagne.com\/wp-content\/uploads\/2013\/10\/benoit-de-bretagne-cla-1-hd-5.jpg\" target=\"_blank\"><img src=\"https:\/\/www.benoit-de-bretagne.com\/wp-content\/gallery\/modcla7c1\/benoit-de-bretagne-cla-1-sa-5.jpg\" data-thumb=\"https:\/\/www.benoit-de-bretagne.com\/wp-content\/gallery\/modcla7c1\/thumbs\/thumbs_benoit-de-bretagne-cla-1-sa-5.jpg\"\/><\/a>\n    <a href=\"http:\/\/www.benoit-de-bretagne.com\/wp-content\/uploads\/2013\/10\/benoit-de-bretagne-cla-1-hd-6.jpg\" target=\"_blank\"><img src=\"https:\/\/www.benoit-de-bretagne.com\/wp-content\/gallery\/modcla7c1\/benoit-de-bretagne-cla-1-sa-6.jpg\" data-thumb=\"https:\/\/www.benoit-de-bretagne.com\/wp-content\/gallery\/modcla7c1\/thumbs\/thumbs_benoit-de-bretagne-cla-1-sa-6.jpg\"\/><\/a>\n    <a href=\"http:\/\/www.benoit-de-bretagne.com\/wp-content\/uploads\/2013\/10\/benoit-de-bretagne-cla-1-hd-7.jpg\" target=\"_blank\"><img src=\"https:\/\/www.benoit-de-bretagne.com\/wp-content\/gallery\/modcla7c1\/benoit-de-bretagne-cla-1-sa-7.jpg\" data-thumb=\"https:\/\/www.benoit-de-bretagne.com\/wp-content\/gallery\/modcla7c1\/thumbs\/thumbs_benoit-de-bretagne-cla-1-sa-7.jpg\"\/><\/a>\n    <a href=\"http:\/\/www.benoit-de-bretagne.com\/wp-content\/uploads\/2013\/10\/benoit-de-bretagne-cla-1-hd-8.jpg\" target=\"_blank\"><img src=\"https:\/\/www.benoit-de-bretagne.com\/wp-content\/gallery\/modcla7c1\/benoit-de-bretagne-cla-1-sa-8.jpg\" data-thumb=\"https:\/\/www.benoit-de-bretagne.com\/wp-content\/gallery\/modcla7c1\/thumbs\/thumbs_benoit-de-bretagne-cla-1-sa-8.jpg\"\/><\/a>\n    <a href=\"http:\/\/www.benoit-de-bretagne.com\/wp-content\/uploads\/2013\/10\/benoit-de-bretagne-cla-1-hd-10.jpg\" target=\"_blank\"><img src=\"https:\/\/www.benoit-de-bretagne.com\/wp-content\/gallery\/modcla7c1\/benoit-de-bretagne-cla-1-sa-10.jpg\" data-thumb=\"https:\/\/www.benoit-de-bretagne.com\/wp-content\/gallery\/modcla7c1\/thumbs\/thumbs_benoit-de-bretagne-cla-1-sa-10.jpg\"\/><\/a>\n    <a href=\"http:\/\/www.benoit-de-bretagne.com\/wp-content\/uploads\/2013\/10\/benoit-de-bretagne-cla-1-hd-9.jpg\" target=\"_blank\"><img src=\"https:\/\/www.benoit-de-bretagne.com\/wp-content\/gallery\/modcla7c1\/benoit-de-bretagne-cla-1-sa-9.jpg\" data-thumb=\"https:\/\/www.benoit-de-bretagne.com\/wp-content\/gallery\/modcla7c1\/thumbs\/thumbs_benoit-de-bretagne-cla-1-sa-9.jpg\"\/><\/a>\n    <a href=\"http:\/\/www.benoit-de-bretagne.com\/wp-content\/uploads\/2013\/10\/Matthieu-7cordes-blck-white.jpg\" target=\"_blank\"><img src=\"https:\/\/www.benoit-de-bretagne.com\/wp-content\/gallery\/modcla7c1\/benoit-de-bretagne-cla-1-sa-11.jpg\" data-thumb=\"https:\/\/www.benoit-de-bretagne.com\/wp-content\/gallery\/modcla7c1\/thumbs\/thumbs_benoit-de-bretagne-cla-1-sa-11.jpg\"\/><\/a>\n  <\/div>\n<\/div>\n<script type=\"text\/javascript\">\n  jQuery(document).ready(function() {\n    jQuery('div#modCla7c1').nivoSlider({\n      effect: 'fade',\n      controlNavThumbs: true\n    });\n    jQuery('div.nivo-controlNav').css('visibility', 'visible');\n  });\n<\/script>\n<\/div>\n<div id=\"rowTxt\">\n<strong>Description :<\/strong><\/p>\n<p><strong>Type:<\/strong> Classique 7 Cordes (mod\u00e8le de 2001)<\/p>\n<dl><strong>Bois utilis\u00e9s:<\/strong><\/dl>\n<ul style=\"list-style-type: none;\">\n<li><strong>Table d&rsquo;harmonie :<\/strong> Epic\u00e9a Allemand<\/li>\n<li><strong>Fond et \u00e9clisses :<\/strong> Palissandre des Indes<\/li>\n<li><strong>Manche :<\/strong>  Acajou du Honduras<\/li>\n<li><strong>Touche : <\/strong> Eb\u00e8ne du Gabon avec extension Do aigu<\/li>\n<li><strong>Fileterie :<\/strong> Palissandre des Indes<\/li>\n<li><strong>Sillets :<\/strong> Os<\/li>\n<li><strong>M\u00e9caniques :<\/strong> Schaller Hauzer Gold avec boutons \u00e9b\u00e8ne<\/li>\n<li><strong>Vernis :<\/strong> Au tampon<\/li>\n<\/ul>\n<div>\n<p>Extrait interpr\u00e9t\u00e9 par Matthieu Guillemant <\/p>\n<p>Titre : Tempo de crian\u00e7a<\/p>\n<!--[if lt IE 9]><script>document.createElement('audio');<\/script><![endif]-->\n<audio class=\"wp-audio-shortcode\" id=\"audio-735-1\" preload=\"none\" style=\"width: 100%;\" controls=\"controls\"><source type=\"audio\/mpeg\" src=\"http:\/\/www.benoit-de-bretagne.com\/wp-content\/uploads\/2013\/10\/tempo-de-crian\u00e7a-1.mp3?_=1\" \/><a href=\"http:\/\/www.benoit-de-bretagne.com\/wp-content\/uploads\/2013\/10\/tempo-de-crian\u00e7a-1.mp3\">http:\/\/www.benoit-de-bretagne.com\/wp-content\/uploads\/2013\/10\/tempo-de-crian\u00e7a-1.mp3<\/a><\/audio>\n<\/div>\n<\/div>\n<\/div>\n<p><\/p>","protected":false},"excerpt":{"rendered":"<p>Description : Type: Classique 7 Cordes (mod\u00e8le de 2001) Bois utilis\u00e9s: Table d&rsquo;harmonie : Epic\u00e9a Allemand Fond et \u00e9clisses : Palissandre des Indes Manche : Acajou du Honduras Touche : Eb\u00e8ne du Gabon avec extension Do aigu Fileterie : Palissandre des Indes Sillets : Os M\u00e9caniques : Schaller Hauzer Gold avec boutons \u00e9b\u00e8ne Vernis : [&hellip;]<\/p>\n","protected":false},"author":1,"featured_media":0,"comment_status":"closed","ping_status":"closed","sticky":false,"template":"","format":"standard","meta":{"ngg_post_thumbnail":0},"categories":[7],"tags":[],"_links":{"self":[{"href":"https:\/\/www.benoit-de-bretagne.com\/index.php?rest_route=\/wp\/v2\/posts\/735"}],"collection":[{"href":"https:\/\/www.benoit-de-bretagne.com\/index.php?rest_route=\/wp\/v2\/posts"}],"about":[{"href":"https:\/\/www.benoit-de-bretagne.com\/index.php?rest_route=\/wp\/v2\/types\/post"}],"author":[{"embeddable":true,"href":"https:\/\/www.benoit-de-bretagne.com\/index.php?rest_route=\/wp\/v2\/users\/1"}],"replies":[{"embeddable":true,"href":"https:\/\/www.benoit-de-bretagne.com\/index.php?rest_route=%2Fwp%2Fv2%2Fcomments&post=735"}],"version-history":[{"count":7,"href":"https:\/\/www.benoit-de-bretagne.com\/index.php?rest_route=\/wp\/v2\/posts\/735\/revisions"}],"predecessor-version":[{"id":1027,"href":"https:\/\/www.benoit-de-bretagne.com\/index.php?rest_route=\/wp\/v2\/posts\/735\/revisions\/1027"}],"wp:attachment":[{"href":"https:\/\/www.benoit-de-bretagne.com\/index.php?rest_route=%2Fwp%2Fv2%2Fmedia&parent=735"}],"wp:term":[{"taxonomy":"category","embeddable":true,"href":"https:\/\/www.benoit-de-bretagne.com\/index.php?rest_route=%2Fwp%2Fv2%2Fcategories&post=735"},{"taxonomy":"post_tag","embeddable":true,"href":"https:\/\/www.benoit-de-bretagne.com\/index.php?rest_route=%2Fwp%2Fv2%2Ftags&post=735"}],"curies":[{"name":"wp","href":"https:\/\/api.w.org\/{rel}","templated":true}]}}