{"id":562,"date":"2013-09-19T20:53:10","date_gmt":"2013-09-19T19:53:10","guid":{"rendered":"http:\/\/www.benoit-de-bretagne.com\/?p=562"},"modified":"2014-03-27T15:23:30","modified_gmt":"2014-03-27T14:23:30","slug":"folk-modele-om-acajou-pommele","status":"publish","type":"post","link":"https:\/\/www.benoit-de-bretagne.com\/?p=562","title":{"rendered":"Folk Mod\u00e8le OM-18 \u00e9pic\u00e9a Appalaches et pommel\u00e9"},"content":{"rendered":"<p><\/p>\n<div id=\"rowSlider\">\n<div class=\"modOmAcaPom-wrapper  nivoSlider-controlNavImages theme-default\">\n  <div id=\"modOmAcaPom\" class=\"nivoSlider\">\n    <a href=\"http:\/\/www.benoit-de-bretagne.com\/wp-content\/uploads\/2013\/09\/benoit-de-bretagne-OM-acaPom-hd-4.jpg\" target=\"_blank\"><img src=\"https:\/\/www.benoit-de-bretagne.com\/wp-content\/gallery\/modomacapom\/benoit-de-bretagne-om-acapom-sa-4.jpg\" data-thumb=\"https:\/\/www.benoit-de-bretagne.com\/wp-content\/gallery\/modomacapom\/thumbs\/thumbs_benoit-de-bretagne-om-acapom-sa-4.jpg\"\/><\/a>\n    <a href=\"http:\/\/www.benoit-de-bretagne.com\/wp-content\/uploads\/2013\/09\/benoit-de-bretagne-OM-acaPom-hd-3.jpg\" target=\"_blank\"><img src=\"https:\/\/www.benoit-de-bretagne.com\/wp-content\/gallery\/modomacapom\/benoit-de-bretagne-om-acapom-sa-3.jpg\" data-thumb=\"https:\/\/www.benoit-de-bretagne.com\/wp-content\/gallery\/modomacapom\/thumbs\/thumbs_benoit-de-bretagne-om-acapom-sa-3.jpg\"\/><\/a>\n    <a href=\"http:\/\/www.benoit-de-bretagne.com\/wp-content\/uploads\/2013\/09\/benoit-de-bretagne-OM-acaPom-hd-1.jpg\" target=\"_blank\"><img src=\"https:\/\/www.benoit-de-bretagne.com\/wp-content\/gallery\/modomacapom\/benoit-de-bretagne-om-acapom-sa-1.jpg\" data-thumb=\"https:\/\/www.benoit-de-bretagne.com\/wp-content\/gallery\/modomacapom\/thumbs\/thumbs_benoit-de-bretagne-om-acapom-sa-1.jpg\"\/><\/a>\n    <a href=\"http:\/\/www.benoit-de-bretagne.com\/wp-content\/uploads\/2013\/09\/benoit-de-bretagne-OM-acaPom-hd-2.jpg\" target=\"_blank\"><img src=\"https:\/\/www.benoit-de-bretagne.com\/wp-content\/gallery\/modomacapom\/benoit-de-bretagne-om-acapom-sa-2.jpg\" data-thumb=\"https:\/\/www.benoit-de-bretagne.com\/wp-content\/gallery\/modomacapom\/thumbs\/thumbs_benoit-de-bretagne-om-acapom-sa-2.jpg\"\/><\/a>\n  <\/div>\n<\/div>\n<script type=\"text\/javascript\">\n  jQuery(document).ready(function() {\n    jQuery('div#modOmAcaPom').nivoSlider({\n      effect: 'fade',\n      controlNavThumbs: true\n    });\n    jQuery('div.nivo-controlNav').css('visibility', 'visible');\n  });\n<\/script>\n<\/div>\n<div id=\"rowTxt\">\n<p><strong>Description :<\/strong><\/p>\n<p><strong>Type:<\/strong> Mod\u00e8le OM<\/p>\n<dl><strong>Bois utilis\u00e9s:<\/strong><\/dl>\n<ul style=\"list-style-type: none;\">\n<li><strong>Table d&rsquo;harmonie :<\/strong> Epic\u00e9a des Appalaches chenill\u00e9<\/li>\n<li><strong>Fond et \u00e9clisses:<\/strong> Acajou pommel\u00e9<\/li>\n<li><strong>Manche:<\/strong>  Acajou du Honduras 1pi\u00e8ce<\/li>\n<li><strong>Touche: <\/strong> \u00c9b\u00e8ne du Gabon 14 cases Hors caisse<\/li>\n<li><strong>Fileterie:<\/strong> \u00c9rable flamm\u00e9<\/li>\n<li><strong>Sillets:<\/strong> Os<\/li>\n<li><strong>M\u00e9caniques:<\/strong> Waverly<\/li>\n<\/ul>\n<div><a href=\"#guitareVideo\">Vid\u00e9o de pr\u00e9sentation de l&rsquo;OM-18<\/a><\/div>\n<\/div>\n<div id=\"guitareVideo\">\n<p>Vid\u00e9o de pr\u00e9sentation de l&rsquo;OM-18 par Fan\u00e7ois Sciortino &#8211; La guitare.com<\/p>\n<p><object menu=\"true\" width=\"720\" height=\"404\" codebase=\"http:\/\/download.macromedia.com\/pub\/shockwave\/cabs\/flash\/swflash.cab#version=12,1,0,150\" classid=\"clsid:D27CDB6E-AE6D-11cf-96B8-444553540000\"><param value=\"2008\/test_bdb.swf\" name=\"movie\"><param value=\"high\" name=\"quality\"><embed width=\"720\" height=\"404\" type=\"application\/x-shockwave-flash\" pluginspage=\"http:\/\/www.macromedia.com\/shockwave\/download\/index.cgi?P1_Prod_Version=ShockwaveFlash\" quality=\"high\" src=\"http:\/\/www.laguitare.com\/2008\/test_bdb.swf\"><\/object>\n<\/div>\n<p><\/p>","protected":false},"excerpt":{"rendered":"<p>Cr\u00e9ation exclusive de Benoit de Bretagne. Cette guitare \u00e9lectrique de type Stratocaster&#8230;<\/p>\n","protected":false},"author":1,"featured_media":564,"comment_status":"closed","ping_status":"closed","sticky":false,"template":"","format":"standard","meta":{"ngg_post_thumbnail":0},"categories":[8,7],"tags":[],"_links":{"self":[{"href":"https:\/\/www.benoit-de-bretagne.com\/index.php?rest_route=\/wp\/v2\/posts\/562"}],"collection":[{"href":"https:\/\/www.benoit-de-bretagne.com\/index.php?rest_route=\/wp\/v2\/posts"}],"about":[{"href":"https:\/\/www.benoit-de-bretagne.com\/index.php?rest_route=\/wp\/v2\/types\/post"}],"author":[{"embeddable":true,"href":"https:\/\/www.benoit-de-bretagne.com\/index.php?rest_route=\/wp\/v2\/users\/1"}],"replies":[{"embeddable":true,"href":"https:\/\/www.benoit-de-bretagne.com\/index.php?rest_route=%2Fwp%2Fv2%2Fcomments&post=562"}],"version-history":[{"count":14,"href":"https:\/\/www.benoit-de-bretagne.com\/index.php?rest_route=\/wp\/v2\/posts\/562\/revisions"}],"predecessor-version":[{"id":1193,"href":"https:\/\/www.benoit-de-bretagne.com\/index.php?rest_route=\/wp\/v2\/posts\/562\/revisions\/1193"}],"wp:featuredmedia":[{"embeddable":true,"href":"https:\/\/www.benoit-de-bretagne.com\/index.php?rest_route=\/wp\/v2\/media\/564"}],"wp:attachment":[{"href":"https:\/\/www.benoit-de-bretagne.com\/index.php?rest_route=%2Fwp%2Fv2%2Fmedia&parent=562"}],"wp:term":[{"taxonomy":"category","embeddable":true,"href":"https:\/\/www.benoit-de-bretagne.com\/index.php?rest_route=%2Fwp%2Fv2%2Fcategories&post=562"},{"taxonomy":"post_tag","embeddable":true,"href":"https:\/\/www.benoit-de-bretagne.com\/index.php?rest_route=%2Fwp%2Fv2%2Ftags&post=562"}],"curies":[{"name":"wp","href":"https:\/\/api.w.org\/{rel}","templated":true}]}}