{"id":334,"date":"2013-09-03T20:48:35","date_gmt":"2013-09-03T19:48:35","guid":{"rendered":"http:\/\/www.benoit-de-bretagne.com\/?p=334"},"modified":"2014-01-28T11:38:12","modified_gmt":"2014-01-28T10:38:12","slug":"folk-modele-00-rio","status":"publish","type":"post","link":"https:\/\/www.benoit-de-bretagne.com\/?p=334","title":{"rendered":"Folk Mod\u00e8le 00 Epic\u00e9a des Appalaches et Rio"},"content":{"rendered":"<p><\/p>\n<div id=\"rowSlider\">\n<div class=\"mod00EpiRio-wrapper  nivoSlider-controlNavImages theme-default\">\n  <div id=\"mod00EpiRio\" class=\"nivoSlider\">\n    <a href=\"http:\/\/www.benoit-de-bretagne.com\/wp-content\/uploads\/2013\/09\/benoit-de-bretagne-00-rio-5.jpg\" target=\"_blank\"><img src=\"https:\/\/www.benoit-de-bretagne.com\/wp-content\/gallery\/mod00rio\/benoit-de-bretagne-00-rio-sa-6.jpg\" data-thumb=\"https:\/\/www.benoit-de-bretagne.com\/wp-content\/gallery\/mod00rio\/thumbs\/thumbs_benoit-de-bretagne-00-rio-sa-6.jpg\"\/><\/a>\n    <a href=\"http:\/\/www.benoit-de-bretagne.com\/wp-content\/uploads\/2013\/09\/benoit-de-bretagne-00-rio-4.jpg\" target=\"_blank\"><img src=\"https:\/\/www.benoit-de-bretagne.com\/wp-content\/gallery\/mod00rio\/benoit-de-bretagne-00-rio-sa-7.jpg\" data-thumb=\"https:\/\/www.benoit-de-bretagne.com\/wp-content\/gallery\/mod00rio\/thumbs\/thumbs_benoit-de-bretagne-00-rio-sa-7.jpg\"\/><\/a>\n    <a href=\"http:\/\/www.benoit-de-bretagne.com\/wp-content\/uploads\/2013\/09\/benoit-de-bretagne-00-rio-10.jpg\" target=\"_blank\"><img src=\"https:\/\/www.benoit-de-bretagne.com\/wp-content\/gallery\/mod00rio\/benoit-de-bretagne-00-rio-sa-1.jpg\" data-thumb=\"https:\/\/www.benoit-de-bretagne.com\/wp-content\/gallery\/mod00rio\/thumbs\/thumbs_benoit-de-bretagne-00-rio-sa-1.jpg\"\/><\/a>\n    <a href=\"http:\/\/www.benoit-de-bretagne.com\/wp-content\/uploads\/2013\/09\/benoit-de-bretagne-00-rio-3.jpg\" target=\"_blank\"><img src=\"https:\/\/www.benoit-de-bretagne.com\/wp-content\/gallery\/mod00rio\/benoit-de-bretagne-00-rio-sa-8.jpg\" data-thumb=\"https:\/\/www.benoit-de-bretagne.com\/wp-content\/gallery\/mod00rio\/thumbs\/thumbs_benoit-de-bretagne-00-rio-sa-8.jpg\"\/><\/a>\n    <a href=\"http:\/\/www.benoit-de-bretagne.com\/wp-content\/uploads\/2013\/09\/benoit-de-bretagne-00-rio-1.jpg\" target=\"_blank\"><img src=\"https:\/\/www.benoit-de-bretagne.com\/wp-content\/gallery\/mod00rio\/benoit-de-bretagne-00-rio-sa-10.jpg\" data-thumb=\"https:\/\/www.benoit-de-bretagne.com\/wp-content\/gallery\/mod00rio\/thumbs\/thumbs_benoit-de-bretagne-00-rio-sa-10.jpg\"\/><\/a>\n    <a href=\"http:\/\/www.benoit-de-bretagne.com\/wp-content\/uploads\/2013\/09\/benoit-de-bretagne-00-rio-2.jpg\" target=\"_blank\"><img src=\"https:\/\/www.benoit-de-bretagne.com\/wp-content\/gallery\/mod00rio\/benoit-de-bretagne-00-rio-sa-9.jpg\" data-thumb=\"https:\/\/www.benoit-de-bretagne.com\/wp-content\/gallery\/mod00rio\/thumbs\/thumbs_benoit-de-bretagne-00-rio-sa-9.jpg\"\/><\/a>\n    <a href=\"http:\/\/www.benoit-de-bretagne.com\/wp-content\/uploads\/2013\/09\/benoit-de-bretagne-00-rio-6.jpg\" target=\"_blank\"><img src=\"https:\/\/www.benoit-de-bretagne.com\/wp-content\/gallery\/mod00rio\/benoit-de-bretagne-00-rio-sa-5.jpg\" data-thumb=\"https:\/\/www.benoit-de-bretagne.com\/wp-content\/gallery\/mod00rio\/thumbs\/thumbs_benoit-de-bretagne-00-rio-sa-5.jpg\"\/><\/a>\n    <a href=\"http:\/\/www.benoit-de-bretagne.com\/wp-content\/uploads\/2013\/09\/benoit-de-bretagne-00-rio-7.jpg\" target=\"_blank\"><img src=\"https:\/\/www.benoit-de-bretagne.com\/wp-content\/gallery\/mod00rio\/benoit-de-bretagne-00-rio-sa-4.jpg\" data-thumb=\"https:\/\/www.benoit-de-bretagne.com\/wp-content\/gallery\/mod00rio\/thumbs\/thumbs_benoit-de-bretagne-00-rio-sa-4.jpg\"\/><\/a>\n    <a href=\"http:\/\/www.benoit-de-bretagne.com\/wp-content\/uploads\/2013\/09\/benoit-de-bretagne-00-rio-8.jpg\" target=\"_blank\"><img src=\"https:\/\/www.benoit-de-bretagne.com\/wp-content\/gallery\/mod00rio\/benoit-de-bretagne-00-rio-sa-3.jpg\" data-thumb=\"https:\/\/www.benoit-de-bretagne.com\/wp-content\/gallery\/mod00rio\/thumbs\/thumbs_benoit-de-bretagne-00-rio-sa-3.jpg\"\/><\/a>\n    <a href=\"http:\/\/www.benoit-de-bretagne.com\/wp-content\/uploads\/2013\/09\/benoit-de-bretagne-00-rio-9.jpg\" target=\"_blank\"><img src=\"https:\/\/www.benoit-de-bretagne.com\/wp-content\/gallery\/mod00rio\/benoit-de-bretagne-00-rio-sa-2.jpg\" data-thumb=\"https:\/\/www.benoit-de-bretagne.com\/wp-content\/gallery\/mod00rio\/thumbs\/thumbs_benoit-de-bretagne-00-rio-sa-2.jpg\"\/><\/a>\n  <\/div>\n<\/div>\n<script type=\"text\/javascript\">\n  jQuery(document).ready(function() {\n    jQuery('div#mod00EpiRio').nivoSlider({\n      effect: 'fade',\n      controlNavThumbs: true\n    });\n    jQuery('div.nivo-controlNav').css('visibility', 'visible');\n  });\n<\/script>\n<\/div>\n<div id=\"rowTxt\">\n<strong>Description :<\/strong><\/p>\n<p><strong>Type:<\/strong> Mod\u00e8le 00<\/p>\n<dl><strong>Bois utilis\u00e9s:<\/strong><\/dl>\n<ul style=\"list-style-type: none;\">\n<li><strong>Table d&rsquo;harmonie :<\/strong> Epic\u00e9a des Appalaches<\/li>\n<li><strong>Fond et \u00e9clisses:<\/strong> Palissandre du Br\u00e9sil avec aubier<\/li>\n<li><strong>Manche:<\/strong>  Acajou du Honduras<\/li>\n<li><strong>Touche: <\/strong> Eb\u00e8ne du Gabon 12 cases Hors caisse<\/li>\n<li><strong>Fileterie:<\/strong> Eb\u00e8ne<\/li>\n<li><strong>Sillets:<\/strong> Os<\/li>\n<li><strong>M\u00e9caniques:<\/strong> Waverly<\/li>\n<\/ul>\n<\/div>\n<p><\/p>","protected":false},"excerpt":{"rendered":"<p>Description : Type: Mod\u00e8le 00 Bois utilis\u00e9s: Table d&rsquo;harmonie : Epic\u00e9a des Appalaches Fond et \u00e9clisses: Palissandre du Br\u00e9sil avec aubier Manche: Acajou du Honduras Touche: Eb\u00e8ne du Gabon 12 cases Hors caisse Fileterie: Eb\u00e8ne Sillets: Os M\u00e9caniques: Waverly<\/p>\n","protected":false},"author":1,"featured_media":0,"comment_status":"closed","ping_status":"closed","sticky":false,"template":"","format":"standard","meta":{"ngg_post_thumbnail":0},"categories":[27,32],"tags":[],"_links":{"self":[{"href":"https:\/\/www.benoit-de-bretagne.com\/index.php?rest_route=\/wp\/v2\/posts\/334"}],"collection":[{"href":"https:\/\/www.benoit-de-bretagne.com\/index.php?rest_route=\/wp\/v2\/posts"}],"about":[{"href":"https:\/\/www.benoit-de-bretagne.com\/index.php?rest_route=\/wp\/v2\/types\/post"}],"author":[{"embeddable":true,"href":"https:\/\/www.benoit-de-bretagne.com\/index.php?rest_route=\/wp\/v2\/users\/1"}],"replies":[{"embeddable":true,"href":"https:\/\/www.benoit-de-bretagne.com\/index.php?rest_route=%2Fwp%2Fv2%2Fcomments&post=334"}],"version-history":[{"count":7,"href":"https:\/\/www.benoit-de-bretagne.com\/index.php?rest_route=\/wp\/v2\/posts\/334\/revisions"}],"predecessor-version":[{"id":673,"href":"https:\/\/www.benoit-de-bretagne.com\/index.php?rest_route=\/wp\/v2\/posts\/334\/revisions\/673"}],"wp:attachment":[{"href":"https:\/\/www.benoit-de-bretagne.com\/index.php?rest_route=%2Fwp%2Fv2%2Fmedia&parent=334"}],"wp:term":[{"taxonomy":"category","embeddable":true,"href":"https:\/\/www.benoit-de-bretagne.com\/index.php?rest_route=%2Fwp%2Fv2%2Fcategories&post=334"},{"taxonomy":"post_tag","embeddable":true,"href":"https:\/\/www.benoit-de-bretagne.com\/index.php?rest_route=%2Fwp%2Fv2%2Ftags&post=334"}],"curies":[{"name":"wp","href":"https:\/\/api.w.org\/{rel}","templated":true}]}}