{"id":1095,"date":"2013-11-24T14:36:45","date_gmt":"2013-11-24T13:36:45","guid":{"rendered":"http:\/\/www.benoit-de-bretagne.com\/?p=1095"},"modified":"2013-11-24T15:01:44","modified_gmt":"2013-11-24T14:01:44","slug":"ukulele-concert-erable-pommele","status":"publish","type":"post","link":"https:\/\/www.benoit-de-bretagne.com\/?p=1095","title":{"rendered":"Ukul\u00e9l\u00e9 Concert Erable Pommel\u00e9"},"content":{"rendered":"<p><\/p>\n<div id=\"rowSlider\">\n<div class=\"modUkuCrt1-wrapper  nivoSlider-controlNavImages theme-default\">\n  <div id=\"modUkuCrt1\" class=\"nivoSlider\">\n    <a href=\"http:\/\/www.benoit-de-bretagne.com\/wp-content\/uploads\/2013\/11\/benoit-de-bretagne-uku-1-hd-1.jpg\" target=\"_blank\"><img src=\"https:\/\/www.benoit-de-bretagne.com\/wp-content\/gallery\/modukucrt1\/benoit-de-bretagne-uku-1-sa-1.jpg\" data-thumb=\"https:\/\/www.benoit-de-bretagne.com\/wp-content\/gallery\/modukucrt1\/thumbs\/thumbs_benoit-de-bretagne-uku-1-sa-1.jpg\"\/><\/a>\n    <a href=\"http:\/\/www.benoit-de-bretagne.com\/wp-content\/uploads\/2013\/11\/benoit-de-bretagne-uku-1-hd-2.jpg\" target=\"_blank\"><img src=\"https:\/\/www.benoit-de-bretagne.com\/wp-content\/gallery\/modukucrt1\/benoit-de-bretagne-uku-1-sa-2.jpg\" data-thumb=\"https:\/\/www.benoit-de-bretagne.com\/wp-content\/gallery\/modukucrt1\/thumbs\/thumbs_benoit-de-bretagne-uku-1-sa-2.jpg\"\/><\/a>\n    <a href=\"http:\/\/www.benoit-de-bretagne.com\/wp-content\/uploads\/2013\/11\/benoit-de-bretagne-uku-1-hd-3.jpg\" target=\"_blank\"><img src=\"https:\/\/www.benoit-de-bretagne.com\/wp-content\/gallery\/modukucrt1\/benoit-de-bretagne-uku-1-sa-3.jpg\" data-thumb=\"https:\/\/www.benoit-de-bretagne.com\/wp-content\/gallery\/modukucrt1\/thumbs\/thumbs_benoit-de-bretagne-uku-1-sa-3.jpg\"\/><\/a>\n    <a href=\"http:\/\/www.benoit-de-bretagne.com\/wp-content\/uploads\/2013\/11\/benoit-de-bretagne-uku-1-hd-4.jpg\" target=\"_blank\"><img src=\"https:\/\/www.benoit-de-bretagne.com\/wp-content\/gallery\/modukucrt1\/benoit-de-bretagne-uku-1-sa-4.jpg\" data-thumb=\"https:\/\/www.benoit-de-bretagne.com\/wp-content\/gallery\/modukucrt1\/thumbs\/thumbs_benoit-de-bretagne-uku-1-sa-4.jpg\"\/><\/a>\n  <\/div>\n<\/div>\n<script type=\"text\/javascript\">\n  jQuery(document).ready(function() {\n    jQuery('div#modUkuCrt1').nivoSlider({\n      effect: 'fade',\n      controlNavThumbs: true\n    });\n    jQuery('div.nivo-controlNav').css('visibility', 'visible');\n  });\n<\/script>\n<\/div>\n<div id=\"rowTxt\">\n<p><strong>Description :<\/strong><br \/>\n<strong>Type:<\/strong> Ukul\u00e9l\u00e9 Mod\u00e8le Concert<\/p>\n<p><strong>Bois utilis\u00e9s:<\/strong><\/p>\n<ul style=\"list-style-type: none;\">\n<li><strong>Table d&rsquo;harmonie :<\/strong>\u00c9pic\u00e9a Allemand<\/li>\n<li><strong>Fond et \u00e9clisses :<\/strong> \u00c9rable pommel\u00e9<\/li>\n<li><strong>Manche :<\/strong> \u00c9rable flamm\u00e9 de Bernieulles<\/li>\n<li><strong>Placage de t\u00eate: <\/strong> \u00c9b\u00e8ne du gabon avec incrustation en nacre blanche polyn\u00e9sienne<\/li>\n<li><strong>Touche : <\/strong> \u00c9b\u00e8ne du Gabon avec incrustation nacre polyn\u00e9sienne fleur d&rsquo;hibiscus<\/li>\n<li><strong>Fileterie :<\/strong> \u00c9b\u00e8ne et contrefilets demi chevrons<\/li>\n<li><strong>Sillets :<\/strong> Os<\/li>\n<li><strong>M\u00e9caniques :<\/strong> Schaller mini Gold avec boutons \u00e9b\u00e8ne<\/li>\n<li><strong>Vernis :<\/strong> Cellulosique<\/li>\n<\/ul>\n<\/div>\n<p><\/p>","protected":false},"excerpt":{"rendered":"<p>Description : Type: Ukul\u00e9l\u00e9 Mod\u00e8le Concert Bois utilis\u00e9s: Table d&rsquo;harmonie :\u00c9pic\u00e9a Allemand Fond et \u00e9clisses : \u00c9rable pommel\u00e9 Manche : \u00c9rable flamm\u00e9 de Bernieulles Placage de t\u00eate: \u00c9b\u00e8ne du gabon avec incrustation en nacre blanche polyn\u00e9sienne Touche : \u00c9b\u00e8ne du Gabon avec incrustation nacre polyn\u00e9sienne fleur d&rsquo;hibiscus Fileterie : \u00c9b\u00e8ne et contrefilets demi chevrons Sillets [&hellip;]<\/p>\n","protected":false},"author":1,"featured_media":0,"comment_status":"closed","ping_status":"closed","sticky":false,"template":"","format":"standard","meta":{"ngg_post_thumbnail":0},"categories":[28],"tags":[],"_links":{"self":[{"href":"https:\/\/www.benoit-de-bretagne.com\/index.php?rest_route=\/wp\/v2\/posts\/1095"}],"collection":[{"href":"https:\/\/www.benoit-de-bretagne.com\/index.php?rest_route=\/wp\/v2\/posts"}],"about":[{"href":"https:\/\/www.benoit-de-bretagne.com\/index.php?rest_route=\/wp\/v2\/types\/post"}],"author":[{"embeddable":true,"href":"https:\/\/www.benoit-de-bretagne.com\/index.php?rest_route=\/wp\/v2\/users\/1"}],"replies":[{"embeddable":true,"href":"https:\/\/www.benoit-de-bretagne.com\/index.php?rest_route=%2Fwp%2Fv2%2Fcomments&post=1095"}],"version-history":[{"count":6,"href":"https:\/\/www.benoit-de-bretagne.com\/index.php?rest_route=\/wp\/v2\/posts\/1095\/revisions"}],"predecessor-version":[{"id":1118,"href":"https:\/\/www.benoit-de-bretagne.com\/index.php?rest_route=\/wp\/v2\/posts\/1095\/revisions\/1118"}],"wp:attachment":[{"href":"https:\/\/www.benoit-de-bretagne.com\/index.php?rest_route=%2Fwp%2Fv2%2Fmedia&parent=1095"}],"wp:term":[{"taxonomy":"category","embeddable":true,"href":"https:\/\/www.benoit-de-bretagne.com\/index.php?rest_route=%2Fwp%2Fv2%2Fcategories&post=1095"},{"taxonomy":"post_tag","embeddable":true,"href":"https:\/\/www.benoit-de-bretagne.com\/index.php?rest_route=%2Fwp%2Fv2%2Ftags&post=1095"}],"curies":[{"name":"wp","href":"https:\/\/api.w.org\/{rel}","templated":true}]}}